{"id":274,"date":"2015-02-25T14:27:50","date_gmt":"2015-02-25T14:27:50","guid":{"rendered":"https:\/\/condescending-williams.194-60-87-163.plesk.page\/?p=274"},"modified":"2015-02-25T14:27:50","modified_gmt":"2015-02-25T14:27:50","slug":"sead-alic-praksa-avangarde-i-avangarda-prakse","status":"publish","type":"post","link":"https:\/\/seadalic.com\/index.php\/sead-alic-praksa-avangarde-i-avangarda-prakse\/","title":{"rendered":"Sead Ali\u0107: Praksa avangarde i avangarda prakse (McLuhan u svjetlu pojma prakse Gaje Petrovi\u0107a)"},"content":{"rendered":"<p style=\"text-align: left;\"><a href=\"http:\/\/seadalic.com\"><span style=\"font-size: 12.0pt; text-align: left;\"><strong>Naslovnica<\/strong><\/span><\/a>&nbsp;&nbsp;&nbsp;&nbsp;&nbsp;<a href=\"images\/pdf\/128 Sead Alic_Praksa avangarde i avangarda prakse.pdf\"><strong><span style=\"color: #DC0101; font-size: 8.0pt;\"><br \/>\ndownload: pdf<\/span><\/strong><\/a><\/p>\n<p style=\"text-align: left;\"><strong>Praksa avangarde i avangarda prakse (McLuhan u svjetlu pojma prakse Gaje Petrovi\u0107a)<\/strong> <br \/>(Gajo Petrovi\u0107 &#8211; \u010dovjek i filozof (zbornik radova s konferencije povodom 80. obljetnice ro\u0111enja),<br \/>\nZagreb, 2008., str. 175-188, Izvorni \u010dlanak)<\/p>\n<div align=\"left\">\n<img decoding=\"async\" src=\"images\/objava\/zborniksead01.jpg\" width=\"735px\" height=\"3010\" \/><\/p>\n<div style=\"height: 10px; overflow:hidden;\">\n&nbsp;&nbsp;\n<\/div>\n<p><img decoding=\"async\" src=\"images\/objava\/zborniksead02.jpg\" width=\"735px\" height=\"3174\" \/><\/p>\n<div style=\"height: 10px; overflow:hidden;\">\n&nbsp;&nbsp;\n<\/div>\n<p><img decoding=\"async\" src=\"images\/objava\/zborniksead03.jpg\" width=\"735px\" height=\"3122\" \/><\/p>\n<div style=\"height: 10px; overflow:hidden;\">\n&nbsp;&nbsp;\n<\/div>\n<p><img decoding=\"async\" src=\"images\/objava\/zborniksead04.jpg\" width=\"735px\" height=\"3163\" \/><\/p>\n<div style=\"height: 10px; overflow:hidden;\">\n&nbsp;&nbsp;\n<\/div>\n<p><img decoding=\"async\" src=\"images\/objava\/zborniksead05.jpg\" width=\"735px\" height=\"1741\" \/><\/p>\n<\/div>\n","protected":false},"excerpt":{"rendered":"<p>Naslovnica&nbsp;&nbsp;&nbsp;&nbsp;&nbsp; download: pdf Praksa avangarde i avangarda prakse (McLuhan u svjetlu pojma prakse Gaje Petrovi\u0107a) (Gajo Petrovi\u0107 &#8211; \u010dovjek i filozof (zbornik radova s konferencije povodom 80. obljetnice ro\u0111enja), Zagreb, 2008., str. 175-188, Izvorni \u010dlanak) &nbsp;&nbsp; &nbsp;&nbsp; &nbsp;&nbsp; &nbsp;&nbsp;<\/p>\n","protected":false},"author":1,"featured_media":273,"comment_status":"open","ping_status":"open","sticky":false,"template":"","format":"standard","meta":{"_et_pb_use_builder":"","_et_pb_old_content":"","_et_gb_content_width":"","footnotes":""},"categories":[11],"tags":[24,463,462,465,464,167,23,461],"class_list":["post-274","post","type-post","status-publish","format-standard","has-post-thumbnail","hentry","category-tekst-u-zborniku","tag-alic","tag-avangarda-prakse","tag-avangarde","tag-gajo-pterovic","tag-mcluhan-u-svjetlu-pojma-prakse-gaje-petrovica","tag-praksa","tag-sead","tag-sead-alic-praksa-avangarde-i-avangarda-prakse-mcluhan-u-svjetlu-pojma-prakse-gaje-petrovica","et-has-post-format-content","et_post_format-et-post-format-standard"],"yoast_head":"<!-- This site is optimized with the Yoast SEO plugin v27.5 - https:\/\/yoast.com\/product\/yoast-seo-wordpress\/ -->\n<title>Sead Ali\u0107: Praksa avangarde i avangarda prakse (McLuhan u svjetlu pojma prakse Gaje Petrovi\u0107a) - Sead Ali\u0107<\/title>\n<meta name=\"robots\" content=\"index, follow, max-snippet:-1, max-image-preview:large, max-video-preview:-1\" \/>\n<link rel=\"canonical\" href=\"https:\/\/seadalic.com\/index.php\/sead-alic-praksa-avangarde-i-avangarda-prakse\/\" \/>\n<meta property=\"og:locale\" content=\"en_US\" \/>\n<meta property=\"og:type\" content=\"article\" \/>\n<meta property=\"og:title\" content=\"Sead Ali\u0107: Praksa avangarde i avangarda prakse (McLuhan u svjetlu pojma prakse Gaje Petrovi\u0107a) - Sead Ali\u0107\" \/>\n<meta property=\"og:description\" content=\"Naslovnica&nbsp;&nbsp;&nbsp;&nbsp;&nbsp; download: pdf Praksa avangarde i avangarda prakse (McLuhan u svjetlu pojma prakse Gaje Petrovi\u0107a) (Gajo Petrovi\u0107 &#8211; \u010dovjek i filozof (zbornik radova s konferencije povodom 80. obljetnice ro\u0111enja), Zagreb, 2008., str. 175-188, Izvorni \u010dlanak) &nbsp;&nbsp; &nbsp;&nbsp; &nbsp;&nbsp; &nbsp;&nbsp;\" \/>\n<meta property=\"og:url\" content=\"https:\/\/seadalic.com\/index.php\/sead-alic-praksa-avangarde-i-avangarda-prakse\/\" \/>\n<meta property=\"og:site_name\" content=\"Sead Ali\u0107\" \/>\n<meta property=\"article:publisher\" content=\"https:\/\/www.facebook.com\/sead.alic1\/\" \/>\n<meta property=\"article:author\" content=\"https:\/\/www.facebook.com\/sead.alic1\/\" \/>\n<meta property=\"article:published_time\" content=\"2015-02-25T14:27:50+00:00\" \/>\n<meta property=\"og:image\" content=\"https:\/\/seadalic.com\/wp-content\/uploads\/2015\/02\/zborniksead01-scaled.jpg\" \/>\n\t<meta property=\"og:image:width\" content=\"687\" \/>\n\t<meta property=\"og:image:height\" content=\"2560\" \/>\n\t<meta property=\"og:image:type\" content=\"image\/jpeg\" \/>\n<meta name=\"author\" content=\"seadalic\" \/>\n<meta name=\"twitter:card\" content=\"summary_large_image\" \/>\n<meta name=\"twitter:label1\" content=\"Written by\" \/>\n\t<meta name=\"twitter:data1\" content=\"seadalic\" \/>\n<script type=\"application\/ld+json\" class=\"yoast-schema-graph\">{\"@context\":\"https:\\\/\\\/schema.org\",\"@graph\":[{\"@type\":\"Article\",\"@id\":\"https:\\\/\\\/seadalic.com\\\/index.php\\\/sead-alic-praksa-avangarde-i-avangarda-prakse\\\/#article\",\"isPartOf\":{\"@id\":\"https:\\\/\\\/seadalic.com\\\/index.php\\\/sead-alic-praksa-avangarde-i-avangarda-prakse\\\/\"},\"author\":{\"name\":\"seadalic\",\"@id\":\"https:\\\/\\\/seadalic.com\\\/#\\\/schema\\\/person\\\/b5077556de4b9ec4e6781d72f3008e93\"},\"headline\":\"Sead Ali\u0107: Praksa avangarde i avangarda prakse (McLuhan u svjetlu pojma prakse Gaje Petrovi\u0107a)\",\"datePublished\":\"2015-02-25T14:27:50+00:00\",\"mainEntityOfPage\":{\"@id\":\"https:\\\/\\\/seadalic.com\\\/index.php\\\/sead-alic-praksa-avangarde-i-avangarda-prakse\\\/\"},\"wordCount\":63,\"commentCount\":0,\"publisher\":{\"@id\":\"https:\\\/\\\/seadalic.com\\\/#\\\/schema\\\/person\\\/b5077556de4b9ec4e6781d72f3008e93\"},\"image\":{\"@id\":\"https:\\\/\\\/seadalic.com\\\/index.php\\\/sead-alic-praksa-avangarde-i-avangarda-prakse\\\/#primaryimage\"},\"thumbnailUrl\":\"https:\\\/\\\/seadalic.com\\\/wp-content\\\/uploads\\\/2015\\\/02\\\/zborniksead01-scaled.jpg\",\"keywords\":[\"Ali\u0107\",\"avangarda prakse\",\"avangarde\",\"Gajo Pterovi\u0107\",\"McLuhan u svjetlu pojma prakse Gaje Petrovi\u0107a\",\"praksa\",\"Sead\",\"Sead Ali\u0107: Praksa avangarde i avangarda prakse (McLuhan u svjetlu pojma prakse Gaje Petrovi\u0107a)\"],\"articleSection\":[\"Tekst u zborniku\"],\"inLanguage\":\"en-US\",\"potentialAction\":[{\"@type\":\"CommentAction\",\"name\":\"Comment\",\"target\":[\"https:\\\/\\\/seadalic.com\\\/index.php\\\/sead-alic-praksa-avangarde-i-avangarda-prakse\\\/#respond\"]}]},{\"@type\":\"WebPage\",\"@id\":\"https:\\\/\\\/seadalic.com\\\/index.php\\\/sead-alic-praksa-avangarde-i-avangarda-prakse\\\/\",\"url\":\"https:\\\/\\\/seadalic.com\\\/index.php\\\/sead-alic-praksa-avangarde-i-avangarda-prakse\\\/\",\"name\":\"Sead Ali\u0107: Praksa avangarde i avangarda prakse (McLuhan u svjetlu pojma prakse Gaje Petrovi\u0107a) - Sead Ali\u0107\",\"isPartOf\":{\"@id\":\"https:\\\/\\\/seadalic.com\\\/#website\"},\"primaryImageOfPage\":{\"@id\":\"https:\\\/\\\/seadalic.com\\\/index.php\\\/sead-alic-praksa-avangarde-i-avangarda-prakse\\\/#primaryimage\"},\"image\":{\"@id\":\"https:\\\/\\\/seadalic.com\\\/index.php\\\/sead-alic-praksa-avangarde-i-avangarda-prakse\\\/#primaryimage\"},\"thumbnailUrl\":\"https:\\\/\\\/seadalic.com\\\/wp-content\\\/uploads\\\/2015\\\/02\\\/zborniksead01-scaled.jpg\",\"datePublished\":\"2015-02-25T14:27:50+00:00\",\"breadcrumb\":{\"@id\":\"https:\\\/\\\/seadalic.com\\\/index.php\\\/sead-alic-praksa-avangarde-i-avangarda-prakse\\\/#breadcrumb\"},\"inLanguage\":\"en-US\",\"potentialAction\":[{\"@type\":\"ReadAction\",\"target\":[\"https:\\\/\\\/seadalic.com\\\/index.php\\\/sead-alic-praksa-avangarde-i-avangarda-prakse\\\/\"]}]},{\"@type\":\"ImageObject\",\"inLanguage\":\"en-US\",\"@id\":\"https:\\\/\\\/seadalic.com\\\/index.php\\\/sead-alic-praksa-avangarde-i-avangarda-prakse\\\/#primaryimage\",\"url\":\"https:\\\/\\\/seadalic.com\\\/wp-content\\\/uploads\\\/2015\\\/02\\\/zborniksead01-scaled.jpg\",\"contentUrl\":\"https:\\\/\\\/seadalic.com\\\/wp-content\\\/uploads\\\/2015\\\/02\\\/zborniksead01-scaled.jpg\",\"width\":687,\"height\":2560},{\"@type\":\"BreadcrumbList\",\"@id\":\"https:\\\/\\\/seadalic.com\\\/index.php\\\/sead-alic-praksa-avangarde-i-avangarda-prakse\\\/#breadcrumb\",\"itemListElement\":[{\"@type\":\"ListItem\",\"position\":1,\"name\":\"Home\",\"item\":\"https:\\\/\\\/seadalic.com\\\/\"},{\"@type\":\"ListItem\",\"position\":2,\"name\":\"Sead Ali\u0107: Praksa avangarde i avangarda prakse (McLuhan u svjetlu pojma prakse Gaje Petrovi\u0107a)\"}]},{\"@type\":\"WebSite\",\"@id\":\"https:\\\/\\\/seadalic.com\\\/#website\",\"url\":\"https:\\\/\\\/seadalic.com\\\/\",\"name\":\"Sead Ali\u0107\",\"description\":\"\",\"publisher\":{\"@id\":\"https:\\\/\\\/seadalic.com\\\/#\\\/schema\\\/person\\\/b5077556de4b9ec4e6781d72f3008e93\"},\"potentialAction\":[{\"@type\":\"SearchAction\",\"target\":{\"@type\":\"EntryPoint\",\"urlTemplate\":\"https:\\\/\\\/seadalic.com\\\/?s={search_term_string}\"},\"query-input\":{\"@type\":\"PropertyValueSpecification\",\"valueRequired\":true,\"valueName\":\"search_term_string\"}}],\"inLanguage\":\"en-US\"},{\"@type\":[\"Person\",\"Organization\"],\"@id\":\"https:\\\/\\\/seadalic.com\\\/#\\\/schema\\\/person\\\/b5077556de4b9ec4e6781d72f3008e93\",\"name\":\"seadalic\",\"image\":{\"@type\":\"ImageObject\",\"inLanguage\":\"en-US\",\"@id\":\"https:\\\/\\\/seadalic.com\\\/wp-content\\\/uploads\\\/2024\\\/12\\\/default-monochrome.png\",\"url\":\"https:\\\/\\\/seadalic.com\\\/wp-content\\\/uploads\\\/2024\\\/12\\\/default-monochrome.png\",\"contentUrl\":\"https:\\\/\\\/seadalic.com\\\/wp-content\\\/uploads\\\/2024\\\/12\\\/default-monochrome.png\",\"width\":391,\"height\":91,\"caption\":\"seadalic\"},\"logo\":{\"@id\":\"https:\\\/\\\/seadalic.com\\\/wp-content\\\/uploads\\\/2024\\\/12\\\/default-monochrome.png\"},\"sameAs\":[\"https:\\\/\\\/seadalic.com\",\"https:\\\/\\\/www.facebook.com\\\/sead.alic1\\\/\"],\"url\":\"https:\\\/\\\/seadalic.com\\\/index.php\\\/author\\\/seadalic\\\/\"}]}<\/script>\n<!-- \/ Yoast SEO plugin. -->","yoast_head_json":{"title":"Sead Ali\u0107: Praksa avangarde i avangarda prakse (McLuhan u svjetlu pojma prakse Gaje Petrovi\u0107a) - Sead Ali\u0107","robots":{"index":"index","follow":"follow","max-snippet":"max-snippet:-1","max-image-preview":"max-image-preview:large","max-video-preview":"max-video-preview:-1"},"canonical":"https:\/\/seadalic.com\/index.php\/sead-alic-praksa-avangarde-i-avangarda-prakse\/","og_locale":"en_US","og_type":"article","og_title":"Sead Ali\u0107: Praksa avangarde i avangarda prakse (McLuhan u svjetlu pojma prakse Gaje Petrovi\u0107a) - Sead Ali\u0107","og_description":"Naslovnica&nbsp;&nbsp;&nbsp;&nbsp;&nbsp; download: pdf Praksa avangarde i avangarda prakse (McLuhan u svjetlu pojma prakse Gaje Petrovi\u0107a) (Gajo Petrovi\u0107 &#8211; \u010dovjek i filozof (zbornik radova s konferencije povodom 80. obljetnice ro\u0111enja), Zagreb, 2008., str. 175-188, Izvorni \u010dlanak) &nbsp;&nbsp; &nbsp;&nbsp; &nbsp;&nbsp; &nbsp;&nbsp;","og_url":"https:\/\/seadalic.com\/index.php\/sead-alic-praksa-avangarde-i-avangarda-prakse\/","og_site_name":"Sead Ali\u0107","article_publisher":"https:\/\/www.facebook.com\/sead.alic1\/","article_author":"https:\/\/www.facebook.com\/sead.alic1\/","article_published_time":"2015-02-25T14:27:50+00:00","og_image":[{"width":687,"height":2560,"url":"https:\/\/seadalic.com\/wp-content\/uploads\/2015\/02\/zborniksead01-scaled.jpg","type":"image\/jpeg"}],"author":"seadalic","twitter_card":"summary_large_image","twitter_misc":{"Written by":"seadalic"},"schema":{"@context":"https:\/\/schema.org","@graph":[{"@type":"Article","@id":"https:\/\/seadalic.com\/index.php\/sead-alic-praksa-avangarde-i-avangarda-prakse\/#article","isPartOf":{"@id":"https:\/\/seadalic.com\/index.php\/sead-alic-praksa-avangarde-i-avangarda-prakse\/"},"author":{"name":"seadalic","@id":"https:\/\/seadalic.com\/#\/schema\/person\/b5077556de4b9ec4e6781d72f3008e93"},"headline":"Sead Ali\u0107: Praksa avangarde i avangarda prakse (McLuhan u svjetlu pojma prakse Gaje Petrovi\u0107a)","datePublished":"2015-02-25T14:27:50+00:00","mainEntityOfPage":{"@id":"https:\/\/seadalic.com\/index.php\/sead-alic-praksa-avangarde-i-avangarda-prakse\/"},"wordCount":63,"commentCount":0,"publisher":{"@id":"https:\/\/seadalic.com\/#\/schema\/person\/b5077556de4b9ec4e6781d72f3008e93"},"image":{"@id":"https:\/\/seadalic.com\/index.php\/sead-alic-praksa-avangarde-i-avangarda-prakse\/#primaryimage"},"thumbnailUrl":"https:\/\/seadalic.com\/wp-content\/uploads\/2015\/02\/zborniksead01-scaled.jpg","keywords":["Ali\u0107","avangarda prakse","avangarde","Gajo Pterovi\u0107","McLuhan u svjetlu pojma prakse Gaje Petrovi\u0107a","praksa","Sead","Sead Ali\u0107: Praksa avangarde i avangarda prakse (McLuhan u svjetlu pojma prakse Gaje Petrovi\u0107a)"],"articleSection":["Tekst u zborniku"],"inLanguage":"en-US","potentialAction":[{"@type":"CommentAction","name":"Comment","target":["https:\/\/seadalic.com\/index.php\/sead-alic-praksa-avangarde-i-avangarda-prakse\/#respond"]}]},{"@type":"WebPage","@id":"https:\/\/seadalic.com\/index.php\/sead-alic-praksa-avangarde-i-avangarda-prakse\/","url":"https:\/\/seadalic.com\/index.php\/sead-alic-praksa-avangarde-i-avangarda-prakse\/","name":"Sead Ali\u0107: Praksa avangarde i avangarda prakse (McLuhan u svjetlu pojma prakse Gaje Petrovi\u0107a) - Sead Ali\u0107","isPartOf":{"@id":"https:\/\/seadalic.com\/#website"},"primaryImageOfPage":{"@id":"https:\/\/seadalic.com\/index.php\/sead-alic-praksa-avangarde-i-avangarda-prakse\/#primaryimage"},"image":{"@id":"https:\/\/seadalic.com\/index.php\/sead-alic-praksa-avangarde-i-avangarda-prakse\/#primaryimage"},"thumbnailUrl":"https:\/\/seadalic.com\/wp-content\/uploads\/2015\/02\/zborniksead01-scaled.jpg","datePublished":"2015-02-25T14:27:50+00:00","breadcrumb":{"@id":"https:\/\/seadalic.com\/index.php\/sead-alic-praksa-avangarde-i-avangarda-prakse\/#breadcrumb"},"inLanguage":"en-US","potentialAction":[{"@type":"ReadAction","target":["https:\/\/seadalic.com\/index.php\/sead-alic-praksa-avangarde-i-avangarda-prakse\/"]}]},{"@type":"ImageObject","inLanguage":"en-US","@id":"https:\/\/seadalic.com\/index.php\/sead-alic-praksa-avangarde-i-avangarda-prakse\/#primaryimage","url":"https:\/\/seadalic.com\/wp-content\/uploads\/2015\/02\/zborniksead01-scaled.jpg","contentUrl":"https:\/\/seadalic.com\/wp-content\/uploads\/2015\/02\/zborniksead01-scaled.jpg","width":687,"height":2560},{"@type":"BreadcrumbList","@id":"https:\/\/seadalic.com\/index.php\/sead-alic-praksa-avangarde-i-avangarda-prakse\/#breadcrumb","itemListElement":[{"@type":"ListItem","position":1,"name":"Home","item":"https:\/\/seadalic.com\/"},{"@type":"ListItem","position":2,"name":"Sead Ali\u0107: Praksa avangarde i avangarda prakse (McLuhan u svjetlu pojma prakse Gaje Petrovi\u0107a)"}]},{"@type":"WebSite","@id":"https:\/\/seadalic.com\/#website","url":"https:\/\/seadalic.com\/","name":"Sead Ali\u0107","description":"","publisher":{"@id":"https:\/\/seadalic.com\/#\/schema\/person\/b5077556de4b9ec4e6781d72f3008e93"},"potentialAction":[{"@type":"SearchAction","target":{"@type":"EntryPoint","urlTemplate":"https:\/\/seadalic.com\/?s={search_term_string}"},"query-input":{"@type":"PropertyValueSpecification","valueRequired":true,"valueName":"search_term_string"}}],"inLanguage":"en-US"},{"@type":["Person","Organization"],"@id":"https:\/\/seadalic.com\/#\/schema\/person\/b5077556de4b9ec4e6781d72f3008e93","name":"seadalic","image":{"@type":"ImageObject","inLanguage":"en-US","@id":"https:\/\/seadalic.com\/wp-content\/uploads\/2024\/12\/default-monochrome.png","url":"https:\/\/seadalic.com\/wp-content\/uploads\/2024\/12\/default-monochrome.png","contentUrl":"https:\/\/seadalic.com\/wp-content\/uploads\/2024\/12\/default-monochrome.png","width":391,"height":91,"caption":"seadalic"},"logo":{"@id":"https:\/\/seadalic.com\/wp-content\/uploads\/2024\/12\/default-monochrome.png"},"sameAs":["https:\/\/seadalic.com","https:\/\/www.facebook.com\/sead.alic1\/"],"url":"https:\/\/seadalic.com\/index.php\/author\/seadalic\/"}]}},"_links":{"self":[{"href":"https:\/\/seadalic.com\/index.php\/wp-json\/wp\/v2\/posts\/274","targetHints":{"allow":["GET"]}}],"collection":[{"href":"https:\/\/seadalic.com\/index.php\/wp-json\/wp\/v2\/posts"}],"about":[{"href":"https:\/\/seadalic.com\/index.php\/wp-json\/wp\/v2\/types\/post"}],"author":[{"embeddable":true,"href":"https:\/\/seadalic.com\/index.php\/wp-json\/wp\/v2\/users\/1"}],"replies":[{"embeddable":true,"href":"https:\/\/seadalic.com\/index.php\/wp-json\/wp\/v2\/comments?post=274"}],"version-history":[{"count":0,"href":"https:\/\/seadalic.com\/index.php\/wp-json\/wp\/v2\/posts\/274\/revisions"}],"wp:featuredmedia":[{"embeddable":true,"href":"https:\/\/seadalic.com\/index.php\/wp-json\/wp\/v2\/media\/273"}],"wp:attachment":[{"href":"https:\/\/seadalic.com\/index.php\/wp-json\/wp\/v2\/media?parent=274"}],"wp:term":[{"taxonomy":"category","embeddable":true,"href":"https:\/\/seadalic.com\/index.php\/wp-json\/wp\/v2\/categories?post=274"},{"taxonomy":"post_tag","embeddable":true,"href":"https:\/\/seadalic.com\/index.php\/wp-json\/wp\/v2\/tags?post=274"}],"curies":[{"name":"wp","href":"https:\/\/api.w.org\/{rel}","templated":true}]}}