{"id":333,"date":"2018-10-11T13:47:21","date_gmt":"2018-10-11T13:47:21","guid":{"rendered":"https:\/\/condescending-williams.194-60-87-163.plesk.page\/?p=333"},"modified":"2018-10-11T13:47:21","modified_gmt":"2018-10-11T13:47:21","slug":"sead-alic-curriculum-vitae","status":"publish","type":"post","link":"https:\/\/seadalic.com\/index.php\/sead-alic-curriculum-vitae\/","title":{"rendered":"Sead Ali\u0107: CURRICULUM VITAE"},"content":{"rendered":"<table border=\"0\" cellspacing=\"2\" cellpadding=\"1\">\n<tbody>\n<tr>\n<th colspan=\"2\">\n<div style=\"text-align: left;\">\n<a href=\"http:\/\/seadalic.com\"><span style=\"font-size: 12.0pt; text-align: left;\"><strong>Naslovnica<\/strong><\/span><\/a><\/div>\n<\/th>\n<\/tr>\n<tr>\n<td width=\"55\">\n<div style=\"height: 3px; overflow:hidden;\">\n&nbsp;&nbsp;\n<\/div>\n<\/td>\n<td width=\"850\">\n<div style=\"height: 3px; overflow:hidden;\">\n&nbsp;&nbsp;\n<\/div>\n<\/td>\n<\/tr>\n<tr>\n<th colspan=\"2\">\n<div style=\"text-align: left;\"><strong>Sead Ali\u0107: CURRICULUM VITAE<\/strong><\/div>\n<\/th>\n<\/tr>\n<tr>\n<td width=\"55\">\n<div style=\"height: 3px; overflow:hidden;\">\n&nbsp;&nbsp;\n<\/div>\n<\/td>\n<td width=\"850\">\n<div style=\"height: 3px; overflow:hidden;\">\n&nbsp;&nbsp;\n<\/div>\n<\/td>\n<\/tr>\n<\/tbody>\n<\/table>\n<p class=\"MsoNormal\" style=\"line-height: 170%;\">\n<img loading=\"lazy\" decoding=\"async\" style=\"border: 1px solid #000000; float: right;\" src=\"images\/objava\/seadalic01.jpg\" alt=\"\" width=\"200\" height=\"285\" \/>He majored in philosophy and Yugoslav studies at The Philosophical  Faculty in Zagreb. He was the undergraduate assistant to professor Grli\u0107. He  published book reviews and texts in the following magazines: <em>Na\u0161e teme, Kulturni radnik, Filozofska  istra\u017eivanja, Polja, Dometi, Student, Studentski list, Mladina, Zvono, Zarez,  Epoha, Zeni\u010dke sveske\u2026;<\/em> he participated in many international simposiums. He  got his masters degree from the Philosophical Faculty in Zagreb with the topic:<em> The Experience of Aesthetic Thoughts of  Walter Benjamin.<\/em><\/p>\n<p class=\"MsoNormal\" style=\"line-height: 170%;\">He worked at the Radio 101 radio station\u00a0  part-time and as a part-time assistant of Marxism at The Faculty of  Civil Engineering in Zagreb, at the August Cesarec publishing house, the Z3 TV  station and the subsidiaries of BBDO and PUBLICIS global marketing agencies. <\/p>\n<p class=\"MsoNormal\" style=\"line-height: 170%;\">In close cooperation with the Faculty of Political Sciences and The Open  Society he made a series of films on democracy; he participated on projects  of\u00a0 The Andrija \u0160tampar\u00a0 School of National Health. He produced thirty  documentaries and approximately 120 programs entitled <em>Knjigom u glavu( Hit the books with your head)<\/em> for Croatian  television. He founded the cultural centre (KCCK) in Zagreb. <\/p>\n<p class=\"MsoNormal\" style=\"line-height: 170%;\">\nAt his post-graduate studies program on literature in Rijeka he defended  his doctoral thesis entitled <em>The  philosophy of Literature, From Ideologies of Seduction to Manipulation of The  Media.<\/em> At his post-graduate  doctoral studies program on philosophy in Zagreb he defended his doctoral  thesis entitled: <em>The Philosophy of \u00a0The Media of Marshall Mcluhan.<\/em><\/p>\n<p class=\"MsoNormal\" style=\"line-height: 170%;\">He initiated (in 2007) the founding of The Department for Media Philosophy at The Croatian Philosophical Society. He founded (in 2008) The  Centre for Media Philosophy and Mediological Research.<\/p>\n<p class=\"MsoNormal\" style=\"line-height: 170%;\">\n<img loading=\"lazy\" decoding=\"async\" style=\"border: 1px solid #000000; float: right;\" src=\"images\/objava\/seadalic02.jpg\" alt=\"\" width=\"200\" height=\"173\" \/><br \/>\nHe has participated in fifty scientific conferences. He is a member of  the editorial board of several theoretical journals in the region. He is the  editor-in-chief of In medias res.\n<\/p>\n<p class=\"MsoNormal\" style=\"line-height: 170%;\">He also initiated three new scientific conferences.<\/p>\n<p class=\"MsoNormal\" style=\"line-height: 170%;\">\nHe is the head of several scientific projects.<\/p>\n<p class=\"MsoNormal\" style=\"line-height: 170%;\">Today, Sead Ali\u0107 is associate professor at North University.<\/p>\n<p class=\"MsoNormal\" style=\"line-height: 170%;\">&nbsp;<\/p>\n","protected":false},"excerpt":{"rendered":"<p>Naslovnica &nbsp;&nbsp; &nbsp;&nbsp; Sead Ali\u0107: CURRICULUM VITAE &nbsp;&nbsp; &nbsp;&nbsp; He majored in philosophy and Yugoslav studies at The Philosophical Faculty in Zagreb. He was the undergraduate assistant to professor Grli\u0107. He published book reviews and texts in the following magazines: Na\u0161e teme, Kulturni radnik, Filozofska istra\u017eivanja, Polja, Dometi, Student, Studentski list, Mladina, Zvono, Zarez, Epoha, [&hellip;]<\/p>\n","protected":false},"author":1,"featured_media":10,"comment_status":"open","ping_status":"open","sticky":false,"template":"","format":"standard","meta":{"_et_pb_use_builder":"","_et_pb_old_content":"","_et_gb_content_width":"","footnotes":""},"categories":[20],"tags":[24,562,23,563],"class_list":["post-333","post","type-post","status-publish","format-standard","has-post-thumbnail","hentry","category-sead-alic-curriculum-vitae","tag-alic","tag-curriculum","tag-sead","tag-vitae","et-has-post-format-content","et_post_format-et-post-format-standard"],"yoast_head":"<!-- This site is optimized with the Yoast SEO plugin v27.5 - https:\/\/yoast.com\/product\/yoast-seo-wordpress\/ -->\n<title>Sead Ali\u0107: CURRICULUM VITAE - Sead Ali\u0107<\/title>\n<meta name=\"robots\" content=\"index, follow, max-snippet:-1, max-image-preview:large, max-video-preview:-1\" \/>\n<link rel=\"canonical\" href=\"https:\/\/seadalic.com\/index.php\/sead-alic-curriculum-vitae\/\" \/>\n<meta property=\"og:locale\" content=\"en_US\" \/>\n<meta property=\"og:type\" content=\"article\" \/>\n<meta property=\"og:title\" content=\"Sead Ali\u0107: CURRICULUM VITAE - Sead Ali\u0107\" \/>\n<meta property=\"og:description\" content=\"Naslovnica &nbsp;&nbsp; &nbsp;&nbsp; Sead Ali\u0107: CURRICULUM VITAE &nbsp;&nbsp; &nbsp;&nbsp; He majored in philosophy and Yugoslav studies at The Philosophical Faculty in Zagreb. He was the undergraduate assistant to professor Grli\u0107. He published book reviews and texts in the following magazines: Na\u0161e teme, Kulturni radnik, Filozofska istra\u017eivanja, Polja, Dometi, Student, Studentski list, Mladina, Zvono, Zarez, Epoha, [&hellip;]\" \/>\n<meta property=\"og:url\" content=\"https:\/\/seadalic.com\/index.php\/sead-alic-curriculum-vitae\/\" \/>\n<meta property=\"og:site_name\" content=\"Sead Ali\u0107\" \/>\n<meta property=\"article:publisher\" content=\"https:\/\/www.facebook.com\/sead.alic1\/\" \/>\n<meta property=\"article:author\" content=\"https:\/\/www.facebook.com\/sead.alic1\/\" \/>\n<meta property=\"article:published_time\" content=\"2018-10-11T13:47:21+00:00\" \/>\n<meta property=\"og:image\" content=\"https:\/\/seadalic.com\/wp-content\/uploads\/2015\/02\/seadalic01.jpg\" \/>\n\t<meta property=\"og:image:width\" content=\"800\" \/>\n\t<meta property=\"og:image:height\" content=\"1141\" \/>\n\t<meta property=\"og:image:type\" content=\"image\/jpeg\" \/>\n<meta name=\"author\" content=\"seadalic\" \/>\n<meta name=\"twitter:card\" content=\"summary_large_image\" \/>\n<meta name=\"twitter:label1\" content=\"Written by\" \/>\n\t<meta name=\"twitter:data1\" content=\"seadalic\" \/>\n\t<meta name=\"twitter:label2\" content=\"Est. reading time\" \/>\n\t<meta name=\"twitter:data2\" content=\"2 minutes\" \/>\n<script type=\"application\/ld+json\" class=\"yoast-schema-graph\">{\"@context\":\"https:\\\/\\\/schema.org\",\"@graph\":[{\"@type\":\"Article\",\"@id\":\"https:\\\/\\\/seadalic.com\\\/index.php\\\/sead-alic-curriculum-vitae\\\/#article\",\"isPartOf\":{\"@id\":\"https:\\\/\\\/seadalic.com\\\/index.php\\\/sead-alic-curriculum-vitae\\\/\"},\"author\":{\"name\":\"seadalic\",\"@id\":\"https:\\\/\\\/seadalic.com\\\/#\\\/schema\\\/person\\\/b5077556de4b9ec4e6781d72f3008e93\"},\"headline\":\"Sead Ali\u0107: CURRICULUM VITAE\",\"datePublished\":\"2018-10-11T13:47:21+00:00\",\"mainEntityOfPage\":{\"@id\":\"https:\\\/\\\/seadalic.com\\\/index.php\\\/sead-alic-curriculum-vitae\\\/\"},\"wordCount\":334,\"commentCount\":0,\"publisher\":{\"@id\":\"https:\\\/\\\/seadalic.com\\\/#\\\/schema\\\/person\\\/b5077556de4b9ec4e6781d72f3008e93\"},\"image\":{\"@id\":\"https:\\\/\\\/seadalic.com\\\/index.php\\\/sead-alic-curriculum-vitae\\\/#primaryimage\"},\"thumbnailUrl\":\"https:\\\/\\\/seadalic.com\\\/wp-content\\\/uploads\\\/2015\\\/02\\\/seadalic01.jpg\",\"keywords\":[\"Ali\u0107\",\"CURRICULUM\",\"Sead\",\"VITAE\"],\"articleSection\":[\"CURRICULUM VITAE\"],\"inLanguage\":\"en-US\",\"potentialAction\":[{\"@type\":\"CommentAction\",\"name\":\"Comment\",\"target\":[\"https:\\\/\\\/seadalic.com\\\/index.php\\\/sead-alic-curriculum-vitae\\\/#respond\"]}]},{\"@type\":\"WebPage\",\"@id\":\"https:\\\/\\\/seadalic.com\\\/index.php\\\/sead-alic-curriculum-vitae\\\/\",\"url\":\"https:\\\/\\\/seadalic.com\\\/index.php\\\/sead-alic-curriculum-vitae\\\/\",\"name\":\"Sead Ali\u0107: CURRICULUM VITAE - Sead Ali\u0107\",\"isPartOf\":{\"@id\":\"https:\\\/\\\/seadalic.com\\\/#website\"},\"primaryImageOfPage\":{\"@id\":\"https:\\\/\\\/seadalic.com\\\/index.php\\\/sead-alic-curriculum-vitae\\\/#primaryimage\"},\"image\":{\"@id\":\"https:\\\/\\\/seadalic.com\\\/index.php\\\/sead-alic-curriculum-vitae\\\/#primaryimage\"},\"thumbnailUrl\":\"https:\\\/\\\/seadalic.com\\\/wp-content\\\/uploads\\\/2015\\\/02\\\/seadalic01.jpg\",\"datePublished\":\"2018-10-11T13:47:21+00:00\",\"breadcrumb\":{\"@id\":\"https:\\\/\\\/seadalic.com\\\/index.php\\\/sead-alic-curriculum-vitae\\\/#breadcrumb\"},\"inLanguage\":\"en-US\",\"potentialAction\":[{\"@type\":\"ReadAction\",\"target\":[\"https:\\\/\\\/seadalic.com\\\/index.php\\\/sead-alic-curriculum-vitae\\\/\"]}]},{\"@type\":\"ImageObject\",\"inLanguage\":\"en-US\",\"@id\":\"https:\\\/\\\/seadalic.com\\\/index.php\\\/sead-alic-curriculum-vitae\\\/#primaryimage\",\"url\":\"https:\\\/\\\/seadalic.com\\\/wp-content\\\/uploads\\\/2015\\\/02\\\/seadalic01.jpg\",\"contentUrl\":\"https:\\\/\\\/seadalic.com\\\/wp-content\\\/uploads\\\/2015\\\/02\\\/seadalic01.jpg\",\"width\":800,\"height\":1141},{\"@type\":\"BreadcrumbList\",\"@id\":\"https:\\\/\\\/seadalic.com\\\/index.php\\\/sead-alic-curriculum-vitae\\\/#breadcrumb\",\"itemListElement\":[{\"@type\":\"ListItem\",\"position\":1,\"name\":\"Home\",\"item\":\"https:\\\/\\\/seadalic.com\\\/\"},{\"@type\":\"ListItem\",\"position\":2,\"name\":\"Sead Ali\u0107: CURRICULUM VITAE\"}]},{\"@type\":\"WebSite\",\"@id\":\"https:\\\/\\\/seadalic.com\\\/#website\",\"url\":\"https:\\\/\\\/seadalic.com\\\/\",\"name\":\"Sead Ali\u0107\",\"description\":\"\",\"publisher\":{\"@id\":\"https:\\\/\\\/seadalic.com\\\/#\\\/schema\\\/person\\\/b5077556de4b9ec4e6781d72f3008e93\"},\"potentialAction\":[{\"@type\":\"SearchAction\",\"target\":{\"@type\":\"EntryPoint\",\"urlTemplate\":\"https:\\\/\\\/seadalic.com\\\/?s={search_term_string}\"},\"query-input\":{\"@type\":\"PropertyValueSpecification\",\"valueRequired\":true,\"valueName\":\"search_term_string\"}}],\"inLanguage\":\"en-US\"},{\"@type\":[\"Person\",\"Organization\"],\"@id\":\"https:\\\/\\\/seadalic.com\\\/#\\\/schema\\\/person\\\/b5077556de4b9ec4e6781d72f3008e93\",\"name\":\"seadalic\",\"image\":{\"@type\":\"ImageObject\",\"inLanguage\":\"en-US\",\"@id\":\"https:\\\/\\\/seadalic.com\\\/wp-content\\\/uploads\\\/2024\\\/12\\\/default-monochrome.png\",\"url\":\"https:\\\/\\\/seadalic.com\\\/wp-content\\\/uploads\\\/2024\\\/12\\\/default-monochrome.png\",\"contentUrl\":\"https:\\\/\\\/seadalic.com\\\/wp-content\\\/uploads\\\/2024\\\/12\\\/default-monochrome.png\",\"width\":391,\"height\":91,\"caption\":\"seadalic\"},\"logo\":{\"@id\":\"https:\\\/\\\/seadalic.com\\\/wp-content\\\/uploads\\\/2024\\\/12\\\/default-monochrome.png\"},\"sameAs\":[\"https:\\\/\\\/seadalic.com\",\"https:\\\/\\\/www.facebook.com\\\/sead.alic1\\\/\"],\"url\":\"https:\\\/\\\/seadalic.com\\\/index.php\\\/author\\\/seadalic\\\/\"}]}<\/script>\n<!-- \/ Yoast SEO plugin. -->","yoast_head_json":{"title":"Sead Ali\u0107: CURRICULUM VITAE - Sead Ali\u0107","robots":{"index":"index","follow":"follow","max-snippet":"max-snippet:-1","max-image-preview":"max-image-preview:large","max-video-preview":"max-video-preview:-1"},"canonical":"https:\/\/seadalic.com\/index.php\/sead-alic-curriculum-vitae\/","og_locale":"en_US","og_type":"article","og_title":"Sead Ali\u0107: CURRICULUM VITAE - Sead Ali\u0107","og_description":"Naslovnica &nbsp;&nbsp; &nbsp;&nbsp; Sead Ali\u0107: CURRICULUM VITAE &nbsp;&nbsp; &nbsp;&nbsp; He majored in philosophy and Yugoslav studies at The Philosophical Faculty in Zagreb. He was the undergraduate assistant to professor Grli\u0107. He published book reviews and texts in the following magazines: Na\u0161e teme, Kulturni radnik, Filozofska istra\u017eivanja, Polja, Dometi, Student, Studentski list, Mladina, Zvono, Zarez, Epoha, [&hellip;]","og_url":"https:\/\/seadalic.com\/index.php\/sead-alic-curriculum-vitae\/","og_site_name":"Sead Ali\u0107","article_publisher":"https:\/\/www.facebook.com\/sead.alic1\/","article_author":"https:\/\/www.facebook.com\/sead.alic1\/","article_published_time":"2018-10-11T13:47:21+00:00","og_image":[{"width":800,"height":1141,"url":"https:\/\/seadalic.com\/wp-content\/uploads\/2015\/02\/seadalic01.jpg","type":"image\/jpeg"}],"author":"seadalic","twitter_card":"summary_large_image","twitter_misc":{"Written by":"seadalic","Est. reading time":"2 minutes"},"schema":{"@context":"https:\/\/schema.org","@graph":[{"@type":"Article","@id":"https:\/\/seadalic.com\/index.php\/sead-alic-curriculum-vitae\/#article","isPartOf":{"@id":"https:\/\/seadalic.com\/index.php\/sead-alic-curriculum-vitae\/"},"author":{"name":"seadalic","@id":"https:\/\/seadalic.com\/#\/schema\/person\/b5077556de4b9ec4e6781d72f3008e93"},"headline":"Sead Ali\u0107: CURRICULUM VITAE","datePublished":"2018-10-11T13:47:21+00:00","mainEntityOfPage":{"@id":"https:\/\/seadalic.com\/index.php\/sead-alic-curriculum-vitae\/"},"wordCount":334,"commentCount":0,"publisher":{"@id":"https:\/\/seadalic.com\/#\/schema\/person\/b5077556de4b9ec4e6781d72f3008e93"},"image":{"@id":"https:\/\/seadalic.com\/index.php\/sead-alic-curriculum-vitae\/#primaryimage"},"thumbnailUrl":"https:\/\/seadalic.com\/wp-content\/uploads\/2015\/02\/seadalic01.jpg","keywords":["Ali\u0107","CURRICULUM","Sead","VITAE"],"articleSection":["CURRICULUM VITAE"],"inLanguage":"en-US","potentialAction":[{"@type":"CommentAction","name":"Comment","target":["https:\/\/seadalic.com\/index.php\/sead-alic-curriculum-vitae\/#respond"]}]},{"@type":"WebPage","@id":"https:\/\/seadalic.com\/index.php\/sead-alic-curriculum-vitae\/","url":"https:\/\/seadalic.com\/index.php\/sead-alic-curriculum-vitae\/","name":"Sead Ali\u0107: CURRICULUM VITAE - Sead Ali\u0107","isPartOf":{"@id":"https:\/\/seadalic.com\/#website"},"primaryImageOfPage":{"@id":"https:\/\/seadalic.com\/index.php\/sead-alic-curriculum-vitae\/#primaryimage"},"image":{"@id":"https:\/\/seadalic.com\/index.php\/sead-alic-curriculum-vitae\/#primaryimage"},"thumbnailUrl":"https:\/\/seadalic.com\/wp-content\/uploads\/2015\/02\/seadalic01.jpg","datePublished":"2018-10-11T13:47:21+00:00","breadcrumb":{"@id":"https:\/\/seadalic.com\/index.php\/sead-alic-curriculum-vitae\/#breadcrumb"},"inLanguage":"en-US","potentialAction":[{"@type":"ReadAction","target":["https:\/\/seadalic.com\/index.php\/sead-alic-curriculum-vitae\/"]}]},{"@type":"ImageObject","inLanguage":"en-US","@id":"https:\/\/seadalic.com\/index.php\/sead-alic-curriculum-vitae\/#primaryimage","url":"https:\/\/seadalic.com\/wp-content\/uploads\/2015\/02\/seadalic01.jpg","contentUrl":"https:\/\/seadalic.com\/wp-content\/uploads\/2015\/02\/seadalic01.jpg","width":800,"height":1141},{"@type":"BreadcrumbList","@id":"https:\/\/seadalic.com\/index.php\/sead-alic-curriculum-vitae\/#breadcrumb","itemListElement":[{"@type":"ListItem","position":1,"name":"Home","item":"https:\/\/seadalic.com\/"},{"@type":"ListItem","position":2,"name":"Sead Ali\u0107: CURRICULUM VITAE"}]},{"@type":"WebSite","@id":"https:\/\/seadalic.com\/#website","url":"https:\/\/seadalic.com\/","name":"Sead Ali\u0107","description":"","publisher":{"@id":"https:\/\/seadalic.com\/#\/schema\/person\/b5077556de4b9ec4e6781d72f3008e93"},"potentialAction":[{"@type":"SearchAction","target":{"@type":"EntryPoint","urlTemplate":"https:\/\/seadalic.com\/?s={search_term_string}"},"query-input":{"@type":"PropertyValueSpecification","valueRequired":true,"valueName":"search_term_string"}}],"inLanguage":"en-US"},{"@type":["Person","Organization"],"@id":"https:\/\/seadalic.com\/#\/schema\/person\/b5077556de4b9ec4e6781d72f3008e93","name":"seadalic","image":{"@type":"ImageObject","inLanguage":"en-US","@id":"https:\/\/seadalic.com\/wp-content\/uploads\/2024\/12\/default-monochrome.png","url":"https:\/\/seadalic.com\/wp-content\/uploads\/2024\/12\/default-monochrome.png","contentUrl":"https:\/\/seadalic.com\/wp-content\/uploads\/2024\/12\/default-monochrome.png","width":391,"height":91,"caption":"seadalic"},"logo":{"@id":"https:\/\/seadalic.com\/wp-content\/uploads\/2024\/12\/default-monochrome.png"},"sameAs":["https:\/\/seadalic.com","https:\/\/www.facebook.com\/sead.alic1\/"],"url":"https:\/\/seadalic.com\/index.php\/author\/seadalic\/"}]}},"_links":{"self":[{"href":"https:\/\/seadalic.com\/index.php\/wp-json\/wp\/v2\/posts\/333","targetHints":{"allow":["GET"]}}],"collection":[{"href":"https:\/\/seadalic.com\/index.php\/wp-json\/wp\/v2\/posts"}],"about":[{"href":"https:\/\/seadalic.com\/index.php\/wp-json\/wp\/v2\/types\/post"}],"author":[{"embeddable":true,"href":"https:\/\/seadalic.com\/index.php\/wp-json\/wp\/v2\/users\/1"}],"replies":[{"embeddable":true,"href":"https:\/\/seadalic.com\/index.php\/wp-json\/wp\/v2\/comments?post=333"}],"version-history":[{"count":0,"href":"https:\/\/seadalic.com\/index.php\/wp-json\/wp\/v2\/posts\/333\/revisions"}],"wp:featuredmedia":[{"embeddable":true,"href":"https:\/\/seadalic.com\/index.php\/wp-json\/wp\/v2\/media\/10"}],"wp:attachment":[{"href":"https:\/\/seadalic.com\/index.php\/wp-json\/wp\/v2\/media?parent=333"}],"wp:term":[{"taxonomy":"category","embeddable":true,"href":"https:\/\/seadalic.com\/index.php\/wp-json\/wp\/v2\/categories?post=333"},{"taxonomy":"post_tag","embeddable":true,"href":"https:\/\/seadalic.com\/index.php\/wp-json\/wp\/v2\/tags?post=333"}],"curies":[{"name":"wp","href":"https:\/\/api.w.org\/{rel}","templated":true}]}}