{"id":9,"date":"2015-02-20T16:26:45","date_gmt":"2015-02-20T16:26:45","guid":{"rendered":"https:\/\/condescending-williams.194-60-87-163.plesk.page\/?p=9"},"modified":"2015-02-20T16:26:45","modified_gmt":"2015-02-20T16:26:45","slug":"sead-alic-naslovnica","status":"publish","type":"post","link":"https:\/\/seadalic.com\/index.php\/sead-alic-naslovnica\/","title":{"rendered":"Sead Ali\u0107 naslovnica"},"content":{"rendered":"<div style=\"background-image: url(images\/prazno.png); background-repeat: no-repeat; height: 60px; width: 1px;\"> <\/div>\n<div id=\"wrapp\">\n<div style=\"background-image: url(images\/Seadpozadinov.jpg); background-repeat: no-repeat; width: 728px; height: 239px;\">\n<div id=\"fadeshow1\"><\/div>\n<\/div>\n<div id=\"nav\">\n<ul>\n<li><a href=\"http:\/\/seadalic.com\/index.php\/sead-alic-zivotopis\">\u017divotopis<\/a><\/li>\n<li><a href=\"http:\/\/seadalic.com\/index.php\/sead-alic-radovi\">Radovi<\/a><\/li>\n<li><a href=\"http:\/\/seadalic.com\/index.php\/sead-alic-knjige\">Knjige<\/a><\/li>\n<li><a href=\"http:\/\/centar-fm.org\/index.php\/filozofija-medija\" class=\"menuanchorclass\" rel=\"anylinkmenu1\">Simpoziji<\/a><\/li>\n<li style=\"line-height: 6px;\"><a href=\"http:\/\/www.unin.hr\/\">Sveu\u010dili\u0161te Sjever<\/a><\/li>\n<li><a href=\"http:\/\/seadalic.com\/index.php\/sead-alic-links\" class=\"menuanchorclass\" rel=\"anylinkmenu2\">Links<\/a><\/li>\n<li><a href=\"http:\/\/seadalic.com\/index.php\/sead-alic-kontakt\">Kontakt<\/a><\/li>\n<\/ul><\/div>\n<table style=\"background-image: url(images\/podslideknjiga2023.jpg); background-repeat: no-repeat; width: 728px; height: 425px;\" border=\"0\" cellspacing=\"0\" cellpadding=\"0\">\n<tr>\n<td>\n<div id=\"orvparallaxslider\" class=\"parallaxslider\">\n<div class=\"slide\">\n<div class=\"bgoverlay\" data-bgimage=\"http:\/\/seadalic.com\/images\/slideknjigahowtounitetheheavens.jpg\"><\/div>\n<div class=\"desc\">\n<div style=\"position:absolute; top:8px; width:98%; background:#646C79; padding:10px; border-radius:6px; line-height:1.4em; text-align:center;\">\n<a href=\"http:\/\/seadalic.com\/index.php\/sead-alic-knjige\"><br \/>\nKnjige<br \/>\n<\/a>\n         <\/div>\n<\/p><\/div>\n<div class=\"desc\">\n<div style=\"position:absolute; bottom:152px; left:360px; width:290px; background:#646C79; padding:10px; border-radius:6px; line-height:1.4em;\">\n<a href=\"http:\/\/seadalic.com\/index.php\/sead-alic-knjiga-how-to-unite-the-heavens\"><br \/>\nSead Ali\u0107: How to Unite the Heavens? <br \/>\n(LAP LAMBERT Academic Publishing, Saarbr\u00fccken, Germany, 2022.)<br \/>\n<\/a><\/p><\/div>\n<\/p><\/div>\n<\/div>\n<div class=\"slide\">\n<div class=\"bgoverlay\" data-bgimage=\"http:\/\/seadalic.com\/images\/slideradovi10.jpg\"><\/div>\n<div class=\"desc\">\n<div style=\"position:absolute; top:8px; width:98%; background:#646C79; padding:10px; border-radius:6px; line-height:1.4em; text-align:center;\">\n<a href=\"http:\/\/seadalic.com\/index.php\/sead-alic-radovi\"><br \/>\nRadovi<br \/>\n<\/a>\n         <\/div>\n<\/p><\/div>\n<div class=\"desc\">\n<div style=\"position:absolute; top:85px; left:350px; width:280px; background:#646C79; padding:10px; border-radius:6px; line-height:1.4em;\">\n<a href=\"http:\/\/seadalic.com\/index.php\/sead-alic-social-roots-of-insensibility-and-narcissism\"><br \/>\nSead Ali\u0107: Social Roots of Insensibility and Narcissism<br \/>\n<\/a><\/p><\/div>\n<\/p><\/div>\n<div class=\"desc\">\n<div style=\"position:absolute; top:161px; left:380px; width:310px; background:#646C79; padding:10px; border-radius:6px; line-height:1.4em;\">\n<a href=\"http:\/\/seadalic.com\/index.php\/sead-alic-bezumlje-govora-mrznje-bioloska-i-kulturna-dimenzija\"><br \/>\nSead Ali\u0107: Bezumlje govora mr\u017enje \u2013 biolo\u0161ka i kulturna dimenzija<br \/>\n<\/a><\/p><\/div>\n<\/p><\/div>\n<div class=\"desc\">\n<div style=\"position:absolute; top:225px; left:340px; width:300px; background:#646C79; padding:10px; border-radius:6px; line-height:1.4em;\">\n<a href=\"http:\/\/seadalic.com\/index.php\/sead-alic-filozofijsko-ishodiste-sulejmanpasiceve-kritike-novinstva-zurnalizma\"><br \/>\nSead Ali\u0107: Filozofijsko ishodi\u0161te Sulejmanpa\u0161i\u0107eve kritike novinstva\/\u017eurnalizma<br \/>\n<\/a><\/p><\/div>\n<\/p><\/div>\n<div class=\"desc\">\n<div style=\"position:absolute; top:314px; left:410px; width:280px; background:#646C79; padding:10px; border-radius:6px; line-height:1.4em;\">\n<a href=\"http:\/\/seadalic.com\/index.php\/sead-alic-embargo-na-demokraciju\"><br \/>\nSead Ali\u0107: Embargo na demokraciju<br \/>\n<\/a><\/p><\/div>\n<\/p><\/div>\n<div class=\"desc\">\n<div style=\"position:absolute; top:364px; left:370px; width:250px; background:#646C79; padding:10px; border-radius:6px; line-height:1.4em;\">\n<a href=\"http:\/\/seadalic.com\/index.php\/sead-alic-angazirana-i-kriticka-ontologija\"><br \/>\nSead Ali\u0107: Anga\u017eirana i kriti\u010dka ontologija<br \/>\n<\/a><\/p><\/div>\n<\/p><\/div>\n<\/div>\n<div class=\"slide\">\n<div class=\"bgoverlay\" data-bgimage=\"http:\/\/seadalic.com\/images\/slideknjigabogunacionalnomdresu.jpg\"><\/div>\n<div class=\"desc\">\n<div style=\"position:absolute; top:8px; width:98%; background:#646C79; padding:10px; border-radius:6px; line-height:1.4em; text-align:center;\">\n<a href=\"http:\/\/seadalic.com\/index.php\/sead-alic-knjige\"><br \/>\nKnjige<br \/>\n<\/a>\n         <\/div>\n<\/p><\/div>\n<div class=\"desc\">\n<div style=\"position:absolute; bottom:122px; left:360px; width:300px; background:#646C79; padding:10px; border-radius:6px; line-height:1.4em;\">\n<a href=\"http:\/\/seadalic.com\/index.php\/sead-alic-bog-u-nacionalnom-dresu\"><br \/>\nSead Ali\u0107: Bog u nacionalnom dresu<br \/>\n(Sveu\u010dili\u0161te Sjever, Vara\u017edin\/Koprivnica, 2021.)<br \/>\n<\/a><\/p><\/div>\n<\/p><\/div>\n<\/div>\n<div class=\"slide\">\n<div class=\"bgoverlay\" data-bgimage=\"http:\/\/seadalic.com\/images\/slideradovi09.jpg\"><\/div>\n<div class=\"desc\">\n<div style=\"position:absolute; top:8px; width:98%; background:#646C79; padding:10px; border-radius:6px; line-height:1.4em; text-align:center;\">\n<a href=\"http:\/\/seadalic.com\/index.php\/sead-alic-radovi\"><br \/>\nRadovi<br \/>\n<\/a>\n         <\/div>\n<\/p><\/div>\n<div class=\"desc\">\n<div style=\"position:absolute; top:62px; left:380px; width:280px; background:#646C79; padding:10px; border-radius:6px; line-height:1.4em;\">\n<a href=\"http:\/\/seadalic.com\/index.php\/sead-alic-philosophical-notes-on-cognition-and-music\"><br \/>\nSead Ali\u0107: Philosophical Notes on Cognition and Music<br \/>\n<\/a><\/p><\/div>\n<\/p><\/div>\n<div class=\"desc\">\n<div style=\"position:absolute; top:125px; left:410px; width:260px; background:#646C79; padding:10px; border-radius:6px; line-height:1.4em;\">\n<a href=\"http:\/\/seadalic.com\/index.php\/sead-alic-fotosopiranje-svijesti\"><br \/>\nSead Ali\u0107: Foto\u0161opiranje svijesti<br \/>\n<\/a><\/p><\/div>\n<\/p><\/div>\n<div class=\"desc\">\n<div style=\"position:absolute; top:171px; left:365px; width:320px; background:#646C79; padding:10px; border-radius:6px; line-height:1.4em;\">\n<a href=\"http:\/\/seadalic.com\/index.php\/sead-alic-secondary-sacredness-sacredness-in-an-information-communication-era\"><br \/>\nSead Ali\u0107: Secondary Sacredness &#8211; Sacredness in an Information-Communication Era<br \/>\n<\/a><\/p><\/div>\n<\/p><\/div>\n<div class=\"desc\">\n<div style=\"position:absolute; top:250px; left:360px; width:335px; background:#646C79; padding:10px; border-radius:6px; line-height:1.4em;\">\n<a href=\"http:\/\/seadalic.com\/index.php\/sead-alic-teorijske-pretpostavke-za-kriticko-proptivanje-i-razumijevanje-fenomena-nacionalnog\"><br \/>\nSead Ali\u0107: Teorijske pretpostavke za kriti\u010dko proptivanje i razumijevanje fenomena nacionalnog<br \/>\n<\/a><\/p><\/div>\n<\/p><\/div>\n<div class=\"desc\">\n<div style=\"position:absolute; top:337px; left:370px; width:310px; background:#646C79; padding:10px; border-radius:6px; line-height:1.4em;\">\n<a href=\"http:\/\/seadalic.com\/index.php\/sead-alic-literary-analysis-of-state-media-terrorism-in-orwell-s-1984-zbornik\"><br \/>\nSead Ali\u0107: \u2018Literary\u2019 Analysis of State (Media) Terrorism in Orwell\u2019s 1984<br \/>\n<\/a><\/p><\/div>\n<\/p><\/div>\n<\/div>\n<div class=\"slide\">\n<div class=\"bgoverlay\" data-bgimage=\"http:\/\/seadalic.com\/images\/slideknjigatheroadtoanewtotalitarianism.jpg\"><\/div>\n<div class=\"desc\">\n<div style=\"position:absolute; top:8px; width:98%; background:#646C79; padding:10px; border-radius:6px; line-height:1.4em; text-align:center;\">\n<a href=\"http:\/\/seadalic.com\/index.php\/sead-alic-knjige\"><br \/>\nKnjige<br \/>\n<\/a>\n         <\/div>\n<\/p><\/div>\n<div class=\"desc\">\n<div style=\"position:absolute; bottom:92px; left:300px; width:350px; background:#646C79; padding:10px; border-radius:6px; line-height:1.4em;\">\n<a href=\"http:\/\/seadalic.com\/index.php\/sead-alic-the-road-to-a-new-totalitarianism\"><br \/>\nSead Ali\u0107: The Road to a New Totalitarianism<br \/>\n(LAP LAMBERT Academic Publishing, Saarbr\u00fccken, Germany, 2021.)<br \/>\n<\/a><\/p><\/div>\n<\/p><\/div>\n<\/div>\n<div class=\"slide\">\n<div class=\"bgoverlay\" data-bgimage=\"http:\/\/seadalic.com\/images\/slideradovi07.jpg\"><\/div>\n<div class=\"desc\">\n<div style=\"position:absolute; top:8px; width:98%; background:#646C79; padding:10px; border-radius:6px; line-height:1.4em; text-align:center;\">\n<a href=\"http:\/\/seadalic.com\/index.php\/sead-alic-radovi\"><br \/>\nRadovi<br \/>\n<\/a>\n         <\/div>\n<\/p><\/div>\n<div class=\"desc\">\n<div style=\"position:absolute; top:90px; left:350px; width:240px; background:#646C79; padding:10px; border-radius:6px; line-height:1.4em;\">\n<a href=\"http:\/\/seadalic.com\/index.php\/sead-alic-veliki-inkvizitori\"><br \/>\nSead Ali\u0107: Veliki inkvizitori<br \/>\n<\/a><\/p><\/div>\n<\/p><\/div>\n<div class=\"desc\">\n<div style=\"position:absolute; top:140px; left:360px; width:230px; background:#646C79; padding:10px; border-radius:6px; line-height:1.4em;\">\n<a href=\"http:\/\/seadalic.com\/index.php\/sead-alic-jezik-objave\"><br \/>\nSead Ali\u0107: Jezik objave<br \/>\n<\/a><\/p><\/div>\n<\/p><\/div>\n<div class=\"desc\">\n<div style=\"position:absolute; top:190px; left:375px; width:270px; background:#646C79; padding:10px; border-radius:6px; line-height:1.4em;\">\n<a href=\"http:\/\/seadalic.com\/index.php\/sead-alic-appropriating-the-licence-to-creativity\"><br \/>\nSead Ali\u0107: Appropriating the Licence to Creativity<br \/>\n<\/a><\/p><\/div>\n<\/p><\/div>\n<div class=\"desc\">\n<div style=\"position:absolute; top:263px; left:390px; width:240px; background:#646C79; padding:10px; border-radius:6px; line-height:1.4em;\">\n<a href=\"http:\/\/seadalic.com\/index.php\/sead-alic-strah-od-spoznaje-izvora-straha\"><br \/>\nSead Ali\u0107: Strah od spoznaje izvora (straha)<br \/>\n<\/a><\/p><\/div>\n<\/p><\/div>\n<div class=\"desc\">\n<div style=\"position:absolute; top:340px; left:430px; width:250px; background:#646C79; padding:10px; border-radius:6px; line-height:1.4em;\">\n<a href=\"http:\/\/seadalic.com\/index.php\/sead-alic-sto-je-nacionalna-manjina\"><br \/>\nSead Ali\u0107: \u0160to je nacionalna manjina?<br \/>\n<\/a><\/p><\/div>\n<\/p><\/div>\n<\/div>\n<div class=\"slide\">\n<div class=\"bgoverlay\" data-bgimage=\"http:\/\/seadalic.com\/images\/slideknjigamasovnapronarcizma.jpg\"><\/div>\n<div class=\"desc\">\n<div style=\"position:absolute; top:8px; width:98%; background:#646C79; padding:10px; border-radius:6px; line-height:1.4em; text-align:center;\">\n<a href=\"http:\/\/seadalic.com\/index.php\/sead-alic-knjige\"><br \/>\nKnjige<br \/>\n<\/a>\n         <\/div>\n<\/p><\/div>\n<div class=\"desc\">\n<div style=\"position:absolute; bottom:132px; left:380px; width:270px; background:#646C79; padding:10px; border-radius:6px; line-height:1.4em;\">\n<a href=\"http:\/\/seadalic.com\/index.php\/sead-alic-masovna-proizvodnja-narcizma\"><br \/>\nMasovna proizvodnja narcizma<br \/>\n(Sveu\u010dili\u0161te Sjever i Centar za filozofiju medija, Zagreb, 2019.)<\/p>\n<p><\/a><\/p><\/div>\n<\/p><\/div>\n<\/div>\n<div class=\"slide\">\n<div class=\"bgoverlay\" data-bgimage=\"http:\/\/seadalic.com\/images\/slideradovi05.jpg\"><\/div>\n<div class=\"desc\">\n<div style=\"position:absolute; top:8px; width:98%; background:#646C79; padding:10px; border-radius:6px; line-height:1.4em; text-align:center;\">\n<a href=\"http:\/\/seadalic.com\/index.php\/sead-alic-radovi\"><br \/>\nRadovi<br \/>\n<\/a>\n         <\/div>\n<\/p><\/div>\n<div class=\"desc\">\n<div style=\"position:absolute; top:65px; left:350px; width:310px; background:#646C79; padding:10px; border-radius:6px; line-height:1.4em;\">\n<a href=\"http:\/\/seadalic.com\/index.php\/sead-alic-postmoderna-prica-price-o-kraju-prica\"><br \/>\nSead Ali\u0107: Postmoderna pri\u010da pri\u010de o kraju pri\u010da<br \/>\n<\/a><\/p><\/div>\n<\/p><\/div>\n<div class=\"desc\">\n<div style=\"position:absolute; top:135px; left:410px; width:270px; background:#646C79; padding:10px; border-radius:6px; line-height:1.4em;\">\n<a href=\"http:\/\/seadalic.com\/index.php\/sead-alic-monopol-na-nemoral\"><br \/>\nSead Ali\u0107: Monopol na nemoral<br \/>\n<\/a><\/p><\/div>\n<\/p><\/div>\n<div class=\"desc\">\n<div style=\"position:absolute; top:210px; left:380px; width:270px; background:#646C79; padding:10px; border-radius:6px; line-height:1.4em;\">\n<a href=\"http:\/\/seadalic.com\/index.php\/sead-alic-globalno-ratiste-i-glasovi-iz-pustinje\"><br \/>\nSead Ali\u0107: Globalno rati\u0161te i glasovi iz pustinje<br \/>\n<\/a><\/p><\/div>\n<\/p><\/div>\n<div class=\"desc\">\n<div style=\"position:absolute; top:284px; left:430px; width:280px; background:#646C79; padding:10px; border-radius:6px; line-height:1.4em;\">\n<a href=\"http:\/\/seadalic.com\/index.php\/sead-alic-globalni-ekran\"><br \/>\nSead Ali\u0107: Globalni ekran<br \/>\n<\/a><\/p><\/div>\n<\/p><\/div>\n<div class=\"desc\">\n<div style=\"position:absolute; top:355px; left:350px; width:340px; background:#646C79; padding:10px; border-radius:6px; line-height:1.4em;\">\n<a href=\"http:\/\/seadalic.com\/index.php\/sead-alic-pjevanje-vjere-o-refleksivnoj-i-duhovnoj-poeziji-enesa-kisevica\"><br \/>\nSead Ali\u0107: Pjevanje vjere (O refleksivnoj i duhovnoj poeziji Enesa Ki\u0161evi\u0107a)<br \/>\n<\/a><\/p><\/div>\n<\/p><\/div>\n<\/div>\n<div class=\"slide\">\n<div class=\"bgoverlay\" data-bgimage=\"http:\/\/seadalic.com\/images\/slideknjigathephilosophyofmedia.jpg\"><\/div>\n<div class=\"desc\">\n<div style=\"position:absolute; top:8px; width:98%; background:#646C79; padding:10px; border-radius:6px; line-height:1.4em; text-align:center;\">\n<a href=\"http:\/\/seadalic.com\/index.php\/sead-alic-knjige\"><br \/>\nKnjige<br \/>\n<\/a>\n         <\/div>\n<\/p><\/div>\n<div class=\"desc\">\n<div style=\"position:absolute; bottom:152px; left:360px; width:290px; background:#646C79; padding:10px; border-radius:6px; line-height:1.4em;\">\n<a href=\"http:\/\/seadalic.com\/index.php\/sead-alic-the-philosophy-of-media-is-the-message\"><br \/>\nSead Ali\u0107: The Philosophy of Media is the Message<br \/>\n(LAP LAMBERT Academic Publishing, Saarbr\u00fccken, Germany, 2019.)<br \/>\n<\/a><\/p><\/div>\n<\/p><\/div>\n<\/div>\n<div class=\"slide\">\n<div class=\"bgoverlay\" data-bgimage=\"http:\/\/seadalic.com\/images\/slideradovi06.jpg\"><\/div>\n<div class=\"desc\">\n<div style=\"position:absolute; top:8px; width:98%; background:#646C79; padding:10px; border-radius:6px; line-height:1.4em; text-align:center;\">\n<a href=\"http:\/\/seadalic.com\/index.php\/sead-alic-radovi\"><br \/>\nRadovi<br \/>\n<\/a>\n         <\/div>\n<\/p><\/div>\n<div class=\"desc\">\n<div style=\"position:absolute; top:62px; left:325px; width:350px; background:#646C79; padding:10px; border-radius:6px; line-height:1.4em;\">\n<a href=\"http:\/\/seadalic.com\/index.php\/sead-alic-reformiranje-mas-medija-prijedlozi-promjena-pravnih-programskih-i-etickih-dimenzija-hrvatskih-masmedija\"><br \/>\nSead Ali\u0107: Reformiranje (mas)medija &#8211; prijedlozi promjena pravnih, programskih i eti\u010dkih dimenzija hrvatskih masmedija<br \/>\n<\/a><\/p><\/div>\n<\/p><\/div>\n<div class=\"desc\">\n<div style=\"position:absolute; top:149px; left:350px; width:290px; background:#646C79; padding:10px; border-radius:6px; line-height:1.4em;\">\n<a href=\"http:\/\/seadalic.com\/index.php\/sead-alic-informacija-ili-upravljanje-percepcijom\"><br \/>\nSead Ali\u0107: Informacija ili \u201eupravljanje percepcijom\u201c<br \/>\n<\/a><\/p><\/div>\n<\/p><\/div>\n<div class=\"desc\">\n<div style=\"position:absolute; top:211px; left:358px; width:240px; background:#646C79; padding:10px; border-radius:6px; line-height:1.4em;\">\n<a href=\"http:\/\/seadalic.com\/index.php\/sead-alic-camuseve-sugestije\"><br \/>\nSead Ali\u0107: Camuseve sugestije<br \/>\n<\/a><\/p><\/div>\n<\/p><\/div>\n<div class=\"desc\">\n<div style=\"position:absolute; top:255px; left:330px; width:335px; background:#646C79; padding:10px; border-radius:6px; line-height:1.4em;\">\n<a href=\"http:\/\/seadalic.com\/index.php\/sead-alic-odgovor-abdennour-bidaru\"><br \/>\nSead Ali\u0107: Odgovor Abdennour Bidaru na njegovo \u201eotvoreno pismo muslimanskom svijetu\u201c<br \/>\n<\/a><\/p><\/div>\n<\/p><\/div>\n<div class=\"desc\">\n<div style=\"position:absolute; top:337px; left:346px; width:310px; background:#646C79; padding:10px; border-radius:6px; line-height:1.4em;\">\n<a href=\"http:\/\/seadalic.com\/index.php\/sead-alic-ivan-ladislav-galeta-istrazivac-medijskog-prostora-i-medijskoga-vremena\"><br \/>\nSead Ali\u0107: Ivan Ladislav Galeta \u2013 istra\u017eiva\u010d medijskog prostora i medijskoga vremena<br \/>\n<\/a><\/p><\/div>\n<\/p><\/div>\n<\/div>\n<div class=\"slide\">\n<div class=\"bgoverlay\" data-bgimage=\"http:\/\/seadalic.com\/images\/slideknjigaislamnanisanu.jpg\"><\/div>\n<div class=\"desc\">\n<div style=\"position:absolute; top:8px; width:98%; background:#646C79; padding:10px; border-radius:6px; line-height:1.4em; text-align:center;\">\n<a href=\"http:\/\/seadalic.com\/index.php\/sead-alic-knjige\"><br \/>\nKnjige<br \/>\n<\/a>\n         <\/div>\n<\/p><\/div>\n<div class=\"desc\">\n<div style=\"position:absolute; bottom:112px; left:370px; width:230px; background:#646C79; padding:10px; border-radius:6px; line-height:1.4em;\">\n<a href=\"http:\/\/seadalic.com\/index.php\/sead-alic-islam-na-nisanu\"><br \/>\nSead Ali\u0107: Islam na ni\u0161anu<br \/>\n(BNZH, Zagreb, 2017.)<br \/>\n<\/a><\/p><\/div>\n<\/p><\/div>\n<\/div>\n<div class=\"slide\">\n<div class=\"bgoverlay\" data-bgimage=\"http:\/\/seadalic.com\/images\/slideradovi01.jpg\"><\/div>\n<div class=\"desc\">\n<div style=\"position:absolute; top:8px; width:98%; background:#646C79; padding:10px; border-radius:6px; line-height:1.4em; text-align:center;\">\n<a href=\"http:\/\/seadalic.com\/index.php\/sead-alic-radovi\"><br \/>\nRadovi<br \/>\n<\/a>\n         <\/div>\n<\/p><\/div>\n<div class=\"desc\">\n<div style=\"position:absolute; top:90px; left:330px; width:350px; background:#646C79; padding:10px; border-radius:6px; line-height:1.4em;\">\n<a href=\"http:\/\/seadalic.com\/index.php\/sead-alic-odnos-europe-i-islama-kako-postaviti-pitanje\"><br \/>\nSead Ali\u0107: Odnos Europe i islama &#8211; Kako postaviti pitanje?<br \/>\n<\/a><\/p><\/div>\n<\/p><\/div>\n<div class=\"desc\">\n<div style=\"position:absolute; top:155px; left:450px; width:270px; background:#646C79; padding:10px; border-radius:6px; line-height:1.4em;\">\n<a href=\"http:\/\/seadalic.com\/index.php\/sead-alic-informiranje-ili-uniformiranje\"><br \/>\nSead Ali\u0107: Informiranje ili uniformiranje?<br \/>\n<\/a><\/p><\/div>\n<\/p><\/div>\n<div class=\"desc\">\n<div style=\"position:absolute; top:220px; left:350px; width:300px; background:#646C79; padding:10px; border-radius:6px; line-height:1.4em;\">\n<a href=\"http:\/\/seadalic.com\/index.php\/sead-alic-aula-est-pro-nobis\"><br \/>\nSead Ali\u0107: Aula est pro nobis<br \/>\n<\/a><\/p><\/div>\n<\/p><\/div>\n<div class=\"desc\">\n<div style=\"position:absolute; top:280px; left:400px; width:300px; background:#646C79; padding:10px; border-radius:6px; line-height:1.4em;\">\n<a href=\"http:\/\/seadalic.com\/index.php\/sead-alic-komunikacijski-stampedo\"><br \/>\nSead Ali\u0107: Komunikacijski stampedo<br \/>\n<\/a><\/p><\/div>\n<\/p><\/div>\n<div class=\"desc\">\n<div style=\"position:absolute; top:330px; left:370px; width:290px; background:#646C79; padding:10px; border-radius:6px; line-height:1.4em;\">\n<a href=\"http:\/\/seadalic.com\/index.php\/sead-alic-cemu-filozofija-ako-nije-filozofija-medija\"><br \/>\nSead Ali\u0107: \u010cemu filozofija \/ ako nije filozofija \/ medija<br \/>\n<\/a><\/p><\/div>\n<\/p><\/div>\n<\/div>\n<div class=\"slide\">\n<div class=\"bgoverlay\" data-bgimage=\"http:\/\/seadalic.com\/images\/slideknjiganiceon1.jpg\"><\/div>\n<div class=\"desc\">\n<div style=\"position:absolute; top:8px; width:98%; background:#646C79; padding:10px; border-radius:6px; line-height:1.4em; text-align:center;\">\n<a href=\"http:\/\/seadalic.com\/index.php\/sead-alic-knjige\"><br \/>\nKnjige<br \/>\n<\/a>\n         <\/div>\n<\/p><\/div>\n<div class=\"desc\">\n<div style=\"position:absolute; bottom:112px; left:400px; width:270px; background:#646C79; padding:10px; border-radius:6px; line-height:1.4em;\">\n<a href=\"http:\/\/seadalic.com\/index.php\/sead-alic-niceansko-novinarstvo-2016\"><br \/>\nSead Ali\u0107: Ni\u010deansko novinarstvo<br \/>\n(Sveu\u010dili\u0161te Sjever, Vara\u017edin\/Koprivnica, 2016.)<br \/>\n<\/a><\/p><\/div>\n<\/p><\/div>\n<\/div>\n<div class=\"slide\">\n<div class=\"bgoverlay\" data-bgimage=\"http:\/\/seadalic.com\/images\/slideradovivjenik2.jpg\"><\/div>\n<div class=\"desc\">\n<div style=\"position:absolute; top:8px; width:98%; background:#646C79; padding:10px; border-radius:6px; line-height:1.4em; text-align:center;\">\n<a href=\"http:\/\/seadalic.com\/index.php\/sead-alic-radovi\"><br \/>\nRadovi<br \/>\n<\/a>\n         <\/div>\n<\/p><\/div>\n<div class=\"desc\">\n<div style=\"position:absolute; top:90px; left:450px; width:245px; background:#646C79; padding:10px; border-radius:6px; line-height:1.4em;\">\n<a href=\"http:\/\/seadalic.com\/index.php\/sead-alic-nasilje-masmedija\"><br \/>\nSead Ali\u0107: Nasilje masmedija<br \/>\n<\/a><\/p><\/div>\n<\/p><\/div>\n<div class=\"desc\">\n<div style=\"position:absolute; top:138px; left:370px; width:310px; background:#646C79; padding:10px; border-radius:6px; line-height:1.4em;\">\n<a href=\"http:\/\/seadalic.com\/index.php\/sead-alic-sutnja-u-eri-sve-glasnijih-medija\"><br \/>\nSead Ali\u0107: \u0160utnja u eri sve glasnijih medija<br \/>\n<\/a><\/p><\/div>\n<\/p><\/div>\n<div class=\"desc\">\n<div style=\"position:absolute; top:220px; left:390px; width:300px; background:#646C79; padding:10px; border-radius:6px; line-height:1.4em;\">\n<a href=\"http:\/\/seadalic.com\/index.php\/sead-alic-ljubav-je-zarobljena\"><br \/>\nSead Ali\u0107: Ljubav je zarobljena<br \/>\n<\/a><\/p><\/div>\n<\/p><\/div>\n<div class=\"desc\">\n<div style=\"position:absolute; top:280px; left:300px; width:300px; background:#646C79; padding:10px; border-radius:6px; line-height:1.4em;\">\n<a href=\"http:\/\/seadalic.com\/index.php\/sead-alic-teorija-medijskoga-kaosa\"><br \/>\nSead Ali\u0107: Teorija medijskoga kaosa<br \/>\n<\/a><\/p><\/div>\n<\/p><\/div>\n<div class=\"desc\">\n<div style=\"position:absolute; top:340px; left:230px; width:290px; background:#646C79; padding:10px; border-radius:6px; line-height:1.4em;\">\n<a href=\"http:\/\/seadalic.com\/index.php\/sead-alic-masmediji-reduciraju-sve-ljudsko-na-potrosacko\"><br \/>\nSead Ali\u0107: Masmediji reduciraju sve ljudsko na potro\u0161a\u010dko<br \/>\n<\/a><\/p><\/div>\n<\/p><\/div>\n<\/div>\n<div class=\"slide\">\n<div class=\"bgoverlay\" data-bgimage=\"http:\/\/seadalic.com\/images\/slideknjigacrnagora2.jpg\"><\/div>\n<div class=\"desc\">\n<div style=\"position:absolute; top:8px; width:98%; background:#646C79; padding:10px; border-radius:6px; line-height:1.4em; text-align:center;\">\n<a href=\"http:\/\/seadalic.com\/index.php\/sead-alic-knjige\"><br \/>\nKnjige<br \/>\n<\/a>\n         <\/div>\n<\/p><\/div>\n<div class=\"desc\">\n<div style=\"position:absolute; bottom:233px; left:380px; width:270px; background:#646C79; padding:10px; border-radius:6px; line-height:1.4em;\">\n<a href=\"http:\/\/seadalic.com\/index.php\/sead-alic-medij-jezika-filozofija-razumijevanja\"><br \/>\nSead Ali\u0107: Medij jezika (Filozofija razumijevanja)<br \/>\n(Medijska kultura, Nik\u0161i\u0107, Crna gora, 2016.)<br \/>\n<\/a><\/p><\/div>\n<\/p><\/div>\n<div class=\"desc\">\n<div style=\"position:absolute; bottom:73px; left:370px; width:270px; background:#646C79; padding:10px; border-radius:6px; line-height:1.4em;\">\n<a href=\"http:\/\/seadalic.com\/index.php\/sead-alic-medij-jezika-filozofija-razumijevanja\"><br \/>\nNagrada &#8220;Dialogos&#8221; za najbolju knjigu iz oblasti teorije i kulture medija za 2016. godinu.<br \/>\n(Podgorica, Crna Gora, 2017.)<\/a><\/p><\/div>\n<\/p><\/div>\n<\/div>\n<div class=\"slide\">\n<div class=\"bgoverlay\" data-bgimage=\"http:\/\/seadalic.com\/images\/slideradovizbornik.jpg\"><\/div>\n<div class=\"desc\">\n<div style=\"position:absolute; top:8px; width:98%; background:#646C79; padding:10px; border-radius:6px; line-height:1.4em; text-align:center;\">\n<a href=\"http:\/\/seadalic.com\/index.php\/sead-alic-radovi\"><br \/>\nRadovi<br \/>\n<\/a>\n         <\/div>\n<\/p><\/div>\n<div class=\"desc\">\n<div style=\"position:absolute; top:62px; left:350px; width:280px; background:#646C79; padding:10px; border-radius:6px; line-height:1.4em;\">\n<a href=\"http:\/\/seadalic.com\/index.php\/sead-alic-perspektiva-i-mediji-od-platona-do-mcluhana\"><br \/>\nSead Ali\u0107: Perspektiva i mediji (od Platona do McLuhana)<br \/>\n<\/a><\/p><\/div>\n<\/p><\/div>\n<div class=\"desc\">\n<div style=\"position:absolute; top:137px; left:410px; width:310px; background:#646C79; padding:10px; border-radius:6px; line-height:1.4em;\">\n<a href=\"http:\/\/seadalic.com\/index.php\/sead-alic-praksa-avangarde-i-avangarda-prakse-mcluhan-u-svjetlu-pojma-prakse-gaje-petrovica\"><br \/>\nSead Ali\u0107: Praksa avangarde i avangarda prakse (McLuhan u svjetlu pojma prakse Gaje Petrovi\u0107a) <\/p>\n<p><\/a><\/p><\/div>\n<\/p><\/div>\n<div class=\"desc\">\n<div style=\"position:absolute; top:225px; left:305px; width:300px; background:#646C79; padding:10px; border-radius:6px; line-height:1.4em;\">\n<a href=\"http:\/\/seadalic.com\/index.php\/sead-alic-mas-medijski-korijeni-totalitarizma\"><br \/>\nSead Ali\u0107: (Mas)medijski korijeni totalitarizma<br \/>\n<\/a><\/p><\/div>\n<\/p><\/div>\n<div class=\"desc\">\n<div style=\"position:absolute; top:294px; left:370px; width:300px; background:#646C79; padding:10px; border-radius:6px; line-height:1.4em;\">\n<a href=\"http:\/\/seadalic.com\/index.php\/sead-alic-tolstoj-i-tisak-tolstojeva-upozorenja-o-mediju-tiska\"><br \/>\nSead Ali\u0107: Tolstoj i tisak, Tolstojeva upozorenja o mediju tiska<br \/>\n<\/a><\/p><\/div>\n<\/p><\/div>\n<div class=\"desc\">\n<div style=\"position:absolute; top:359px; left:450px; width:250px; background:#646C79; padding:10px; border-radius:6px; line-height:1.4em;\">\n<a href=\"http:\/\/seadalic.com\/index.php\/sead-alic-usmeno-i-pismeno-mediteranske-kulture\"><br \/>\nSead Ali\u0107: Usmeno i pismeno (mediteranske kulture)<br \/>\n<\/a><\/p><\/div>\n<\/p><\/div>\n<\/div>\n<\/div>\n<\/td>\n<\/tr>\n<\/table>\n<div id=\"mysagscroller\" class=\"sagscroller\">\n<ul>\n<li><span style=\"background:#646C79; color:white; padding:0 2px; margin-right:2px;\"><strong>GLAS SLAVONIJE<\/strong><\/span>&nbsp;&nbsp;<a href=\"https:\/\/www.glas-slavonije.hr\/518180\/11\/Alic-Copy-paste-kultura-proizvela-je-copy-paste-znanstvenike?fbclid=IwAR2U_iaZdOwCTDevon4OBnXkyHKWPEx4hVib_WU7ZAvc-owrLE8n46KDUw0\">Sead Ali\u0107 &#8211; Copy-paste kultura proizvela je copy-paste znanstvenike (18.3.2023.)<\/a><\/li>\n<li><span style=\"background:#646C79; color:white; padding:0 2px; margin-right:2px;\"><strong>BOSNJACI.NET<\/strong><\/span>&nbsp;&nbsp;<a href=\"https:\/\/www.bosnjaci.net\/prilog.php?pid=77707&#038;fbclid=IwAR02KzElIogi23XOURRRytAkANLpKt6MrJDFTtobQoNeQoFniEDaYih112M\">Sead Ali\u0107 &#8211; Snajperski metak u \u010delo zdravog razuma (12.1.2023.)<\/a><\/li>\n<li><span style=\"background:#646C79; color:white; padding:0 2px; margin-right:2px;\"><strong>VISOKO.BA<\/strong><\/span>&nbsp;&nbsp;<a href=\"https:\/\/visoko.ba\/za-visoko-co-ba-pise-akademik-sead-alic-parodija-od-parade-u-parodiji-od-drzave\/?fbclid=IwAR2zGBcPkpTYNk25sp0clDAnZ88_6GpeIwlIpdaD35LRJHJxV7OKn6VUIbg\">Sead Ali\u0107 &#8211; Parodija od parade u parodiji od dr\u017eave (11.1.2023.)<\/a><\/li>\n<li><span style=\"background:#646C79; color:white; padding:0 2px; margin-right:2px;\"><strong>INDEX.BA<\/strong><\/span>&nbsp;&nbsp;<a href=\"https:\/\/index.ba\/alic-visoki-predstavnice-covjek-je-bice-koje-bi-trebalo-hodati-uspravno\/?fbclid=IwAR2zJuQBGp4xTCWnGpewZB29U0Le6hREprZeBYwOJhWMepxDjk1EBVUVGvM\">Sead Ali\u0107 &#8211; Visoki predstavni\u010de, \u010dovjek je bi\u0107e koje bi trebalo hodati uspravno (9.1.2023.)<\/a><\/li>\n<li><span style=\"background:#646C79; color:white; padding:0 2px; margin-right:2px;\"><strong>VISOKO.BA<\/strong><\/span>&nbsp;&nbsp;<a href=\"https:\/\/visoko.ba\/za-visoko-co-ba-pise-akademik-sead-alic-manifest-mira\/?fbclid=IwAR0_lMK9pJfPt6hNVTmsQBK_dZ2H7mL3UOE7CkLZfxt1pirN2aJsh2hpWmI\">Sead Ali\u0107 &#8211; Manifest mira (27.12.2022.)<\/a><\/li>\n<li><span style=\"background:#646C79; color:white; padding:0 2px; margin-right:2px;\"><strong>VISOKO.BA<\/strong><\/span>&nbsp;&nbsp;<a href=\"https:\/\/visoko.ba\/sead-alic-opsjednutost-politicara-osjecajem-moci\/?fbclid=IwAR36tWvIaXeAUVtWFhq9CZ6ecBYrqv60P5hvjwXE7DTzZCPOChNurvVDKro\">Sead Ali\u0107 &#8211; Opsjednutost politi\u010dara osje\u0107ajem mo\u0107i (12.12.2022.)<\/a><\/li>\n<li><span style=\"background:#646C79; color:white; padding:0 2px; margin-right:2px;\"><strong>LUPIGA<\/strong><\/span>&nbsp;&nbsp;<a href=\"https:\/\/lupiga.com\/intervjui\/intervju-sead-alic-sloboda-govora-danas-je-pretvorena-u-slobodu-prostackog-govora?fbclid=IwAR1UbC--kXjVVTAHIn2j0OA-PA2RHAersD0so29KZN5-O3dowfiPaKmFMJI\">INTERVJU \u2013 SEAD ALI\u0106: \u201eSloboda govora danas je pretvorena u slobodu prosta\u010dkog govora\u201c (1.12.2022.)<\/a><\/li>\n<li><span style=\"background:#646C79; color:white; padding:0 2px; margin-right:2px;\"><strong>EPOHA<\/strong><\/span>&nbsp;&nbsp;<a href=\"https:\/\/epoha.com.hr\/2022\/09\/17\/demitologizacija-europocentrizma\/\">Sead Ali\u0107 &#8211; Demitologizacija euro(po)centrizma (17.9.2022.)<\/a><\/li>\n<li><span style=\"background:#646C79; color:white; padding:0 2px; margin-right:2px;\"><strong>INDEX.BA<\/strong><\/span>&nbsp;&nbsp;<a href=\"https:\/\/index.ba\/alic-demitologizacija-europocentrizma\/?fbclid=IwAR2VhYz-Gmz515XXMcbFNb6zpI5_ygdIwZ6m0L3DbgWxq7qD4KGgVfEaGK8\">Sead Ali\u0107 &#8211; Demitologizacija euro(po)centrizma (15.9.2022.)<\/a><\/li>\n<li><span style=\"background:#646C79; color:white; padding:0 2px; margin-right:2px;\"><strong>BOSNJACI.NET<\/strong><\/span>&nbsp;&nbsp;<a href=\"https:\/\/bosnjaci.net\/prilog.php?pid=76810&#038;DEMITOLOGIZACIJA_EURO(PO)CENTRIZMA&#038;fbclid=IwAR31ylBX2rOG_0M4fc9D_8PQAf6GeeJGuPHr9T83tBw7O_8rcBnJpGxqRBI\">Sead Ali\u0107 &#8211; Demitologizacija euro(po)centrizma (13.9.2022.)<\/a><\/li>\n<li><span style=\"background:#646C79; color:white; padding:0 2px; margin-right:2px;\"><strong>BOSNJACI.NET<\/strong><\/span>&nbsp;&nbsp;<a href=\"https:\/\/www.bosnjaci.net\/prilog.php?pid=76613&#038;fbclid=IwAR38VmISI8xFGNlh_irWgyDwsGetV3uQfO-yuRfe5Fdd8SFnT94QldpwDH4\">Sead Ali\u0107 &#8211; Neprovedivi dogovor (22.8.2022.)<\/a><\/li>\n<li><span style=\"background:#646C79; color:white; padding:0 2px; margin-right:2px;\"><strong>PREPOROD.INFO<\/strong><\/span>&nbsp;&nbsp;<a href=\"https:\/\/www.preporod.info\/bs\/article\/33586\/evropocentricni-nacionalsocijalizam-viktora-orbana?fbclid=IwAR3Nv0kONNCEAnqOMDqAoxT75q1x-Is3-uAtbMaaeF967ZgxOUyAqPPhxPU\">Sead Ali\u0107 &#8211; Evropocentri\u010dni nacionalsocijalizam Viktora Orbana (5.8.2022.)<\/a><\/li>\n<li><span style=\"background:#646C79; color:white; padding:0 2px; margin-right:2px;\"><strong>INDEX.BA<\/strong><\/span>&nbsp;&nbsp;<a href=\"https:\/\/index.ba\/sead-alic-strah-je-nazalost-opravdan\/?fbclid=IwAR2n31kqi90C7JtBNs2BeuyiRdBVwoeNYDNYQdgpHLM9HqYUcGIbKPyXL5c\">Sead Ali\u0107 &#8211; Strah je na\u017ealost opravdan (29.7.2022.)<\/a><\/li>\n<li><span style=\"background:#646C79; color:white; padding:0 2px; margin-right:2px;\"><strong>INDEX.BA<\/strong><\/span>&nbsp;&nbsp;<a href=\"https:\/\/index.ba\/220813-2\/?fbclid=IwAR3uVaPLaS8fA4hrWGWvtFv207NQ-enf_R6MrW8MQM_ghQcya7pUACHnrMY\">Sead Ali\u0107 &#8211; Balkanska rekonkvista (25.7.2022.)<\/a><\/li>\n<li><span style=\"background:#646C79; color:white; padding:0 2px; margin-right:2px;\"><strong>PATRIA<\/strong><\/span>&nbsp;&nbsp;<a href=\"https:\/\/nap.ba\/news\/96345?fbclid=IwAR3RzNmylWra_xos_VvBwYImSKSZTOY1I6RvhbLKMv46I0juj0WiM5Clp5c\">Sead Ali\u0107 &#8211; Balkanska rekonkvista (25.7.2022.)<\/a><\/li>\n<li><span style=\"background:#646C79; color:white; padding:0 2px; margin-right:2px;\"><strong>BOSNJACI.NET<\/strong><\/span>&nbsp;&nbsp;<a href=\"https:\/\/www.bosnjaci.net\/prilog.php?pid=76433&#038;fbclid=IwAR2gNZmGAr91BI5k4IVJoOj8sMWPMb_Ik4TuD4iLM64rgkOm09p4irxyRGs\">Sead Ali\u0107 &#8211; Balkanska rekonkvista (24.7.2022.)<\/a><\/li>\n<li><span style=\"background:#646C79; color:white; padding:0 2px; margin-right:2px;\"><strong>INDEX.BA<\/strong><\/span>&nbsp;&nbsp;<a href=\"https:\/\/index.ba\/akademik-sead-alic-za-index-ba-udruzena-zlokobna-tisina\/?fbclid=IwAR2fsq5r0fP1WP9FsE7LzcdNYcjH1L1_VgadGviMp0Qhq03e8VKkD_DRD2U\">Sead Ali\u0107 &#8211; Udru\u017eena zlokobna ti\u0161ina (14.6.2022.)<\/a><\/li>\n<li><span style=\"background:#646C79; color:white; padding:0 2px; margin-right:2px;\"><strong>BOSNIANEXPERIENCE<\/strong><\/span>&nbsp;&nbsp;<a href=\"https:\/\/www.bosnianexperience.com\/23-tekst-br02?fbclid=IwAR2a2S7FnyqBsizHbIQWxPlaE_3Ew2K8r3uVCimGl5nhFQnToJhxVHtfHc4\">Sead Ali\u0107 &#8211; D\u017eevad Sulejmanpa\u0161i\u0107 Prvi teoreti\u010dar medija jugoisto\u010dne Evrope (2022.)<\/a><\/li>\n<li><span style=\"background:#646C79; color:white; padding:0 2px; margin-right:2px;\"><strong>BA\u0160 \u010cOVJEK<\/strong><\/span>&nbsp;&nbsp;<a href=\"https:\/\/bascovjek.hr\/humanizam\/medijsko-prosvjetiteljstvo\/?fbclid=IwAR112o92bYTaHR8bieSbp8cDHA1nYWcPbN63UYTASvGcGKOepfafsvIoTA8\">Sead Ali\u0107 &#8211; Medijsko prosvjetiteljstvo (30.5.2022.)<\/a><\/li>\n<li><span style=\"background:#646C79; color:white; padding:0 2px; margin-right:2px;\"><strong>GLAS SLAVONIJE<\/strong><\/span>&nbsp;&nbsp;<a href=\"https:\/\/www.glas-slavonije.hr\/495141\/11\/Sead-Alic-Igra-pokera-na-povjerenje?fbclid=IwAR2a2S7FnyqBsizHbIQWxPlaE_3Ew2K8r3uVCimGl5nhFQnToJhxVHtfHc4\">Sead Ali\u0107 &#8211; Igra pokera \u201cna povjerenje\u201d (28.5.2022.)<\/a><\/li>\n<li><span style=\"background:#646C79; color:white; padding:0 2px; margin-right:2px;\"><strong>INDEX.BA<\/strong><\/span>&nbsp;&nbsp;<a href=\"https:\/\/index.ba\/vrhovi-ledenih-nacionalnih-piramida-obasjani-su-suncem-ali-dolje\/?fbclid=IwAR3fwk0ZCklp8I-yhU2eQQR3DuEHL2Eh6pvZWV1RJEnZHY4LwR5eF58He1A\">Sead Ali\u0107 &#8211; Vrhovi ledenih nacionalnih piramida obasjani su suncem, ali dolje\u2026 (30.4.2022.)<\/a><\/li>\n<li><span style=\"background:#646C79; color:white; padding:0 2px; margin-right:2px;\"><strong>INDEX.BA<\/strong><\/span>&nbsp;&nbsp;<a href=\"https:\/\/index.ba\/akademik-alic-za-index-ba-dobrovoljacka-kolona-pravnika-u-povlacenju\/?fbclid=IwAR2n31kqi90C7JtBNs2BeuyiRdBVwoeNYDNYQdgpHLM9HqYUcGIbKPyXL5c\">Sead Ali\u0107 &#8211; Dobrovolja\u010dka kolona pravnika u povla\u010denju (28.4.2022.)<\/a><\/li>\n<li><span style=\"background:#646C79; color:white; padding:0 2px; margin-right:2px;\"><strong>EPOHA<\/strong><\/span>&nbsp;&nbsp;<a href=\"https:\/\/epoha.com.hr\/2022\/04\/27\/savjet-vladu-savjetuje-kriminalno\/\">Sead Ali\u0107 &#8211; Savjet Vladu savjetuje kriminalno (27.4.2022.)<\/a><\/li>\n<li><span style=\"background:#646C79; color:white; padding:0 2px; margin-right:2px;\"><strong>INDEX.BA<\/strong><\/span>&nbsp;&nbsp;<a href=\"https:\/\/index.ba\/alic-mafijaski-ruski-rulet\/?fbclid=IwAR2gNZmGAr91BI5k4IVJoOj8sMWPMb_Ik4TuD4iLM64rgkOm09p4irxyRGs\">Sead Ali\u0107 &#8211; Mafija\u0161ki ruski rulet (23.4.2022.)<\/a><\/li>\n<li><span style=\"background:#646C79; color:white; padding:0 2px; margin-right:2px;\"><strong>EPOHA<\/strong><\/span>&nbsp;&nbsp;<a href=\"https:\/\/epoha.com.hr\/2022\/04\/11\/na-putu-k-veselom-mrtvacu\/\">Sead Ali\u0107 &#8211; Na putu k veselom mrtvacu (11.4.2022.)<\/a><\/li>\n<li><span style=\"background:#646C79; color:white; padding:0 2px; margin-right:2px;\"><strong>EPOHA<\/strong><\/span>&nbsp;&nbsp;<a href=\"https:\/\/epoha.com.hr\/2022\/03\/05\/tri-prsta-jedne-ruke-moskva-beograd-banja-luka\/\">Sead Ali\u0107 &#8211; Tri prsta jedne ruke (Moskva \u2013 Beograd \u2013 Banja Luka) (5.3.2022.)<\/a><\/li>\n<li><span style=\"background:#646C79; color:white; padding:0 2px; margin-right:2px;\"><strong>EPOHA<\/strong><\/span>&nbsp;&nbsp;<a href=\"https:\/\/epoha.com.hr\/2022\/03\/01\/otisao-je-zaljubljenik-u-ljepotu-istinu-i-znanje-kemal-mujicic\/\">Sead Ali\u0107 &#8211; Oti\u0161ao je zaljubljenik u ljepotu, istinu i znanje \u2013 Kemal Muji\u010di\u0107 (1.3.2022.)<\/a><\/li>\n<li><span style=\"background:#646C79; color:white; padding:0 2px; margin-right:2px;\"><strong>EPOHA<\/strong><\/span>&nbsp;&nbsp;<a href=\"https:\/\/epoha.com.hr\/2022\/01\/23\/oglasivacko-misljenje\/\">Sead Ali\u0107 &#8211; Ogla\u0161iva\u010dko mi\u0161ljenje (23.1.2022.)<\/a><\/li>\n<li><span style=\"background:#646C79; color:white; padding:0 2px; margin-right:2px;\"><strong>INDEX.BA<\/strong><\/span>&nbsp;&nbsp;<a href=\"https:\/\/index.ba\/akademik-sead-alic-za-index-ba-supotpisnici-i-garanti-mira-moraju-konacno-i-definitivno-zavrsiti-rat-u-bosni-i-hercegovini\/?fbclid=IwAR3vnL64QStSBIBYZjasL3A6fYj7BS9bqMGiuNY_SFbJt-quRBe7-hHLFY0\">Sead Ali\u0107 &#8211; Supotpisnici i garanti mira moraju kona\u010dno i definitivno zavr\u0161iti rat u Bosni i Hercegovini (21.4.2022.)<\/a><\/li>\n<li><span style=\"background:#646C79; color:white; padding:0 2px; margin-right:2px;\"><strong>GLAS SLAVONIJE<\/strong><\/span>&nbsp;&nbsp;<a href=\"http:\/\/seadalic.com\/images\/pdf\/sead sestrinski kompleski 06-07-02.04.2022.pdf\">Sead Ali\u0107 &#8211; Sestrinski kompleks (2. i 3. travnja 2022.)<\/a><\/li>\n<li><span style=\"background:#646C79; color:white; padding:0 2px; margin-right:2px;\"><strong>EPOHA<\/strong><\/span>&nbsp;&nbsp;<a href=\"https:\/\/epoha.com.hr\/2021\/12\/09\/pozdrav-iz-sarajeva\/\">Sead Ali\u0107 &#8211; Pozdrav iz Sarajeva (9.12.2021.)<\/a><\/li>\n<li><span style=\"background:#646C79; color:white; padding:0 2px; margin-right:2px;\"><strong>FEDERALNA.BA<\/strong><\/span>&nbsp;&nbsp;<a href=\"https:\/\/federalna.ba\/za-fr-akademik-alic-bih-je-u-svojevrsnom-bermudskom-trokutu-xh0jc?fbclid=IwAR1oSSIlISE0lCir2Ik-qJVGsXvLmfZfA7f5-FWMFHBUgtle3HjVjO2AM5Y\">Za FR akademik Sead Ali\u0107: BiH je u svojevrsnom Bermudskom trokutu (25.11.2021.)<\/a><\/li>\n<li><span style=\"background:#646C79; color:white; padding:0 2px; margin-right:2px;\"><strong>GLAS SLAVONIJE<\/strong><\/span>&nbsp;&nbsp;<a href=\"https:\/\/www.glas-slavonije.hr\/478850\/11\/Nedostaje-nam-stozer-za-optimizam?fbclid=IwAR0GuwtQk9jirionm4BHkkPhUHs1lzl4Bp_--EEj-Y-HPOBXycvqpmSR6bI\">Sead Ali\u0107 &#8211; Nedostaje nam sto\u017eer za optimizam (13.11.2021.)<\/a><\/li>\n<li><span style=\"background:#646C79; color:white; padding:0 2px; margin-right:2px;\"><strong>GLAS SLAVONIJE<\/strong><\/span>&nbsp;&nbsp;<a href=\"https:\/\/www.glas-slavonije.hr\/469762\/11\/Zivimo-u-globalnom-spektaklu-birokracije?fbclid=IwAR02KzElIogi23XOURRRytAkANLpKt6MrJDFTtobQoNeQoFniEDaYih112M\">Sead Ali\u0107 &#8211; \u017divimo u globalnom spektaklu birokracije (24.7.2021.)<\/a><\/li>\n<li><span style=\"background:#646C79; color:white; padding:0 2px; margin-right:2px;\"><strong>EPOHA<\/strong><\/span>&nbsp;&nbsp;<a href=\"https:\/\/epoha.com.hr\/2021\/07\/20\/jezik-olova\/\">Sead Ali\u0107 &#8211; Jezik olova (20.7.2021.)<\/a><\/li>\n<li><span style=\"background:#646C79; color:white; padding:0 2px; margin-right:2px;\"><strong>EPOHA<\/strong><\/span>&nbsp;&nbsp;<a href=\"https:\/\/epoha.com.hr\/2021\/06\/22\/o-prodavateljima-politickih-polica-osiguranja\/\">Sead Ali\u0107 &#8211; O prodavateljima (politi\u010dkih) polica osiguranja (22.6.2021.)<\/a><\/li>\n<li><span style=\"background:#646C79; color:white; padding:0 2px; margin-right:2px;\"><strong>EPOHA<\/strong><\/span>&nbsp;&nbsp;<a href=\"https:\/\/epoha.com.hr\/2021\/05\/27\/istina-o-jezevoj-kucici-branka-copica\/\">Sead Ali\u0107 &#8211; Istina o Je\u017eevoj ku\u0107ici Branka \u0106opi\u0107a (27.5.2021.)<\/a><\/li>\n<li><span style=\"background:#646C79; color:white; padding:0 2px; margin-right:2px;\"><strong>EPOHA<\/strong><\/span>&nbsp;&nbsp;<a href=\"https:\/\/epoha.com.hr\/2021\/05\/04\/koloniziranje-ljudske-psihe\/\">Sead Ali\u0107 &#8211; Koloniziranje ljudske psihe (4.5.2021.)<\/a><\/li>\n<li><span style=\"background:#646C79; color:white; padding:0 2px; margin-right:2px;\"><strong>EPOHA<\/strong><\/span>&nbsp;&nbsp;<a href=\"https:\/\/epoha.com.hr\/2021\/02\/11\/frigidna-uticnica-i-orwelovska-istina\/\">Sead Ali\u0107 &#8211; Frigidna uti\u010dnica i orwelovska istina  (11.2.2021.)<\/a><\/li>\n<li><span style=\"background:#646C79; color:white; padding:0 2px; margin-right:2px;\"><strong>EPOHA<\/strong><\/span>&nbsp;&nbsp;<a href=\"https:\/\/epoha.com.hr\/2021\/02\/02\/automobil-na-porezni-pogon\/\">Sead Ali\u0107 &#8211; Automobil na porezni pogon (Prilog razumijevanju prava nacionalnih manjina u Hrvatskoj) (2.2.2021.)<\/a><\/li>\n<li><span style=\"background:#646C79; color:white; padding:0 2px; margin-right:2px;\"><strong>EPOHA<\/strong><\/span>&nbsp;&nbsp;<a href=\"https:\/\/epoha.com.hr\/2021\/01\/25\/cime-se-u-zivotu-trebam-baviti\/\">Sead Ali\u0107 &#8211; \u010cime se u \u017eivotu trebam baviti? (25.1.2021.)<\/a><\/li>\n<li><span style=\"background:#646C79; color:white; padding:0 2px; margin-right:2px;\"><strong>EPOHA<\/strong><\/span>&nbsp;&nbsp;<a href=\"https:\/\/epoha.com.hr\/2020\/12\/21\/blagdanska-depresija\/\">Sead Ali\u0107 &#8211; Blagdanska depresija (21.12.2020.)<\/a><\/li>\n<li><span style=\"background:#646C79; color:white; padding:0 2px; margin-right:2px;\"><strong>GLAS SLAVONIJE<\/strong><\/span>&nbsp;&nbsp;<a href=\"https:\/\/www.glas-slavonije.hr\/451714\/11\/Ulovljeni-smo-u-stampedo-bijega-od-zasluzene-kazne?fbclid=IwAR2OfvhKv7Xd4N4Ytzct6fCPnwnOaUOohwbme7YVkzUGABOj-cOaGXkmlPw\">Sead Ali\u0107 &#8211; Ulovljeni smo u stampedo bijega od zaslu\u017eene kazne (19.12.2020.)<\/a><\/li>\n<li><span style=\"background:#646C79; color:white; padding:0 2px; margin-right:2px;\"><strong>EPOHA<\/strong><\/span>&nbsp;&nbsp;<a href=\"https:\/\/epoha.com.hr\/2020\/10\/02\/psovacki-politicki-marketing\/\">Sead Ali\u0107 &#8211; Psova\u010dki politi\u010dki marketing (2.10.2020.)<\/a><\/li>\n<li><span style=\"background:#646C79; color:white; padding:0 2px; margin-right:2px;\"><strong>EPOHA<\/strong><\/span>&nbsp;&nbsp;<a href=\"https:\/\/epoha.com.hr\/2020\/09\/15\/covido-ergo-zoom\/\">Sead Ali\u0107 &#8211; Covido ergo zoom (15.9.2020.)<\/a><\/li>\n<li><span style=\"background:#646C79; color:white; padding:0 2px; margin-right:2px;\"><strong>EPOHA<\/strong><\/span>&nbsp;&nbsp;<a href=\"https:\/\/epoha.com.hr\/2020\/08\/06\/mediji-i-patologija\/\">Sead Ali\u0107 &#8211; Mediji i patologija (6.8.2020.)<\/a><\/li>\n<li><span style=\"background:#646C79; color:white; padding:0 2px; margin-right:2px;\"><strong>EPOHA<\/strong><\/span>&nbsp;&nbsp;<a href=\"https:\/\/epoha.com.hr\/2020\/07\/25\/obnovljena-politicka-trznica-zapocela-s-radom\/\">Sead Ali\u0107 &#8211; Obnovljena politi\u010dka tr\u017enica zapo\u010dela s radom (25.7.2020.)<\/a><\/li>\n<li><span style=\"background:#646C79; color:white; padding:0 2px; margin-right:2px;\"><strong>EPOHA<\/strong><\/span>&nbsp;&nbsp;<a href=\"https:\/\/epoha.com.hr\/2020\/05\/27\/nema-cega-nema\/\">Sead Ali\u0107 &#8211; Nema \u010dega nema (27.5.2020.)<\/a><\/li>\n<li><span style=\"background:#646C79; color:white; padding:0 2px; margin-right:2px;\"><strong>EPOHA<\/strong><\/span>&nbsp;&nbsp;<a href=\"https:\/\/epoha.com.hr\/2020\/05\/07\/kako-proizvesti-ovcu\/\">Sead Ali\u0107 &#8211; Kako proizvesti ovcu? (7.05.2020.)<\/a><\/li>\n<li><span style=\"background:#646C79; color:white; padding:0 2px; margin-right:2px;\"><strong>LOGOS<\/strong><\/span>&nbsp;&nbsp;<a href=\"http:\/\/logos.org.ba\/node\/61?fbclid=IwAR2-KLJo3822KqZoP0pVmu06xnhb2hW-R65AcY9Tl3wCjSRI3EK1VmJCqJM\">Sead Ali\u0107 &#8211; U dolini svetog licemjerja (15.5.2020.)<\/a><\/li>\n<li><span style=\"background:#646C79; color:white; padding:0 2px; margin-right:2px;\"><strong>EPOHA<\/strong><\/span>&nbsp;&nbsp;<a href=\"https:\/\/epoha.com.hr\/2020\/03\/29\/virus-je-poruka\/\">Sead Ali\u0107 &#8211; Virus je poruka (29.3.2020.)<\/a><\/li>\n<li><span style=\"background:#646C79; color:white; padding:0 2px; margin-right:2px;\"><strong>GLAS SLAVONIJE<\/strong><\/span>&nbsp;&nbsp;<a href=\"http:\/\/seadalic.com\/images\/pdf\/Sead Alic Ludnica bez navodnika 06-07-28.03.2020.pdf\">Sead Ali\u0107 &#8211; Ludnica bez navodnika (28. i 29.3.2020. PDF)<\/a><\/li>\n<li><span style=\"background:#646C79; color:white; padding:0 2px; margin-right:2px;\"><strong>STINA<\/strong><\/span>&nbsp;&nbsp;<a href=\"https:\/\/www.stina.hr\/2020\/03\/22\/medijska-pismenost-za-nacionalne-manjine-znaci-kriticki-odnos-prema-medijskim-sadrzajima-ali-i-shvacanje-potencijala-novih-medijskih-tehnologija\/\">Sead Ali\u0107 &#8211; Medijska pismenost za nacionalne manjine zna\u0107i kriti\u010dki odnos prema medijskim sadr\u017eajima ali i shva\u0107anje potencijala novih medijskih tehnologija (22.3.2020.)<\/a><\/li>\n<li><span style=\"background:#646C79; color:white; padding:0 2px; margin-right:2px;\"><strong>EPOHA<\/strong><\/span>&nbsp;&nbsp;<a href=\"https:\/\/epoha.com.hr\/2020\/03\/16\/sto-uciniti-ako-sretnete-covjeka\/\">Sead Ali\u0107 &#8211; \u0160to u\u010diniti ako sretnete \u010dovjeka (16.3.2020.)<\/a><\/li>\n<li><span style=\"background:#646C79; color:white; padding:0 2px; margin-right:2px;\"><strong>ROMSKI PORTAL UDAR<\/strong><\/span>&nbsp;&nbsp;<a href=\"http:\/\/www.portal-udar.net\/sead-alic-govor-mrznje-moze-prepoznati-samo-istancano-uho-predstavnika-nacionalne-manjine\/\">Sead Ali\u0107 &#8211; Govor mr\u017enje mo\u017ee prepoznati samo istan\u010dano uho predstavnika nacionalne manjine (22.3.2020.)<\/a><\/li>\n<li><span style=\"background:#646C79; color:white; padding:0 2px; margin-right:2px;\"><strong>EPOHA<\/strong><\/span>&nbsp;&nbsp;<a href=\"https:\/\/epoha.com.hr\/2020\/03\/07\/kako-bi-lijepo-moglo-biti\/?fbclid=IwAR3IY8nCeQSbckT-1kNjpqM4sPJq2lNCMfAs7YHw6gwUF1RQZdwZ-cGRAyk\">Sead Ali\u0107 &#8211; Kako bi lijepo moglo biti\u2026 (7.3.2020.)<\/a><\/li>\n<li><span style=\"background:#646C79; color:white; padding:0 2px; margin-right:2px;\"><strong>JUTARNJI LIST<\/strong><\/span>&nbsp;&nbsp;<a href=\"http:\/\/seadalic.com\/images\/pdf\/velika dilema u vremenu novih medija.pdf\">Velika dilema u vremenu novih medija &#8211; Odbaciti svaku regulaciju ili ozakoniti cenzuru (7.3.2020. PDF)<\/a><\/li>\n<li><span style=\"background:#646C79; color:white; padding:0 2px; margin-right:2px;\"><strong>EPOHA<\/strong><\/span>&nbsp;&nbsp;<a href=\"https:\/\/epoha.com.hr\/2020\/02\/24\/znam-kako-je-ali-ne-mogu-objasniti-zasto-je-tako\/\">Sead Ali\u0107 &#8211; Znam kako je, ali ne mogu objasniti za\u0161to je tako\u2026 (24.2.2020.)<\/a><\/li>\n<li><span style=\"background:#646C79; color:white; padding:0 2px; margin-right:2px;\"><strong>EPOHA<\/strong><\/span>&nbsp;&nbsp;<a href=\"https:\/\/epoha.com.hr\/sead-alic-onako-usput\/?fbclid=IwAR0FCog1FvtoPa4hwdsc6vauKKim6LH2TWhmS4opfcwsRrj237Qe4tt4yFE\">Sead Ali\u0107 &#8211; Onako usput<\/a><\/li>\n<li><span style=\"background:#646C79; color:white; padding:0 2px; margin-right:2px;\"><strong>GLAS SLAVONIJE<\/strong><\/span>&nbsp;&nbsp;<a href=\"http:\/\/seadalic.com\/images\/pdf\/sead alic digitaliziramo nasu svijest glas slavonije 04-05-04.01.2020.pdf\">Sead Ali\u0107 &#8211; Digitaliziramo<br \/>\nna\u0161u svijest (4. i 5.1.2020. PDF)<\/a><\/li>\n<li><span style=\"background:#646C79; color:white; padding:0 2px; margin-right:2px;\"><strong>MEDWIN PUBLISHERS<\/strong><\/span>&nbsp;&nbsp;<a href=\"https:\/\/medwinpublishers.com\/PhIJ\/volume.php?volumeId=205&#038;issueId=824\">Sead Ali\u0107 &#8211; Philosophical Notes on Cognition and Music<\/a> (link: <a href=\"https:\/\/medwinpublishers.com\/PhIJ\/PhIJ16000S1-002.pdf\">PDF online<\/a>)<\/li>\n<li><span style=\"background:#646C79; color:white; padding:0 2px; margin-right:2px;\"><strong>GLAS SLAVONIJE<\/strong><\/span>&nbsp;&nbsp;<a href=\"http:\/\/seadalic.com\/images\/pdf\/glasslavonije kroz rupe ideala propada u stvarnost 09.11.pdf\">Sead Ali\u0107 -Kroz rupe ideala propadamo u stvarnost (9. i 10.11.2019. PDF)<\/a><\/li>\n<li><span style=\"background:#646C79; color:white; padding:0 2px; margin-right:2px;\"><strong>MEDWIN PUBLISHERS<\/strong><\/span>&nbsp;&nbsp;<a href=\"https:\/\/medwinpublishers.com\/PhIJ\/volume.php?volumeId=205&#038;issueId=760\">Sead Ali\u0107 &#8211; Secondary Sacredness- Sacredness in an Information-Communication Era<\/a> (link: <a href=\"https:\/\/medwinpublishers.com\/PhIJ\/PhIJ16000120.pdf\">PDF online<\/a>)<\/li>\n<li><span style=\"background:#646C79; color:white; padding:0 2px; margin-right:2px;\"><strong>DONJI KRALJEVEC 2019<\/strong><\/span>&nbsp;&nbsp;<a href=\"https:\/\/www.youtube.com\/watch?v=VHkkEWgLqaM&#038;feature=youtu.be\">Sead Ali\u0107 O STEINERU, Konferencija Na Sjeveru s Rudolfom Steinerom u Centru dr. Rudolfa Steinera, 15. 6. 2019.<\/a><\/li>\n<li><span style=\"background:#646C79; color:white; padding:0 2px; margin-right:2px;\"><strong>HRT \u2013 HR 3 \u201eOKRUGLI STOL<\/strong><\/span>&nbsp;&nbsp;<a href=\"https:\/\/radio.hrt.hr\/ep\/okrugli-stol-ponedjeljkom\/301363\/\">Izazovi i dvojbe digitalizacije i \u010detvrte industrijske revolucije<\/a><\/li>\n<li><span style=\"background:#646C79; color:white; padding:0 2px; margin-right:2px;\"><strong>GLAS SLAVONIJE<\/strong><\/span>&nbsp;&nbsp;<a href=\"http:\/\/seadalic.com\/images\/pdf\/izborena sloboda glasslavonoije 2019.pdf\">Sead Ali\u0107 &#8211; Izborena sloboda poprimila je zadnjih godina svoje ru\u017eno nali\u010dje (04. 05. 2019. PDF)<\/a> (link: <a href=\"http:\/\/www.glas-slavonije.hr\/398124\/11\/Izborena-sloboda-poprimila-je-zadnjih-godina-svoje-ruzno-nalicje?fbclid=IwAR2zM2oGurSN3LCh984REV7FW3Daj-2anOEmwk3zdgGLqmMprrWYBiy8Dsc\">intervju online<\/a>)<\/li>\n<li><span style=\"background:#646C79; color:white; padding:0 2px; margin-right:2px;\"><strong>MEDWIN PUBLISHERS<\/strong><\/span>&nbsp;&nbsp;<a href=\"https:\/\/medwinpublishers.com\/PhIJ\/volume.php?volumeId=205&#038;issueId=608\">Sead Ali\u0107 -\u2018Literary\u2019 Analysis of State (Media) Terrorism in Orwell&#8217;s 1984<\/a> (link: <a href=\"https:\/\/medwinpublishers.com\/PhIJ\/PhIJ16000117.pdf\">PDF online<\/a>)<\/li>\n<li><span style=\"background:#646C79; color:white; padding:0 2px; margin-right:2px;\"><strong>GLAS SLAVONIJE<\/strong><\/span>&nbsp;&nbsp;<a href=\"http:\/\/www.glas-slavonije.hr\/394161\/11\/Samonametnuta-nezrelost-da-se-stvari-nazovu-pravim-imenima\">Sead Ali\u0107 &#8211; Samonametnuta nezrelost da se stvari nazovu pravim imenima (23. 03. 2019. online)<\/a><\/li>\n<li><span style=\"background:#646C79; color:white; padding:0 2px; margin-right:2px;\"><strong>NOVA KNJIGA<\/strong><\/span>&nbsp;&nbsp;<a href=\"https:\/\/www.morebooks.shop\/store\/gb\/book\/the-philosophy-of-media-is-the-message\/isbn\/978-613-9-44393-2?fbclid=IwAR1BBAxnyxBgB0SrKV4_Qj0f_akD-TyT2STQcNr2cD3yaC-FSaNBXPe6kcw\">Sead Ali\u0107 &#8211; The Philosophy of Media is the Message<\/a><\/li>\n<li><span style=\"background:#646C79; color:white; padding:0 2px; margin-right:2px;\"><strong>GLAS SLAVONIJE<\/strong><\/span>&nbsp;&nbsp;<a href=\"http:\/\/seadalic.com\/images\/pdf\/drustvena zbilja glasslavonoije 2019.pdf\">Sead Ali\u0107 &#8211; Dru\u0161tvena zbilja arena je medijskih pirana (9. i 10.02.2019. PDF)<\/a><\/li>\n<li><span style=\"background:#646C79; color:white; padding:0 2px; margin-right:2px;\"><strong>HRT \u2013 HR 3 \u201eOKRUGLI STOL<\/strong><\/span>&nbsp;&nbsp;<a href=\"https:\/\/radio.hrt.hr\/ep\/sporedna-uloga-istine-u-medijima-i-fake-news\/277286\/?fbclid=IwAR072q7EjgBEz9DU5dmRHARBv_U3ljXQSbrcGzE9KoAhmO5LDu7G8MseSC4\">Sporedna uloga istine u medijima i &#8220;Fake news&#8221;<\/a><\/li>\n<li><span style=\"background:#646C79; color:white; padding:0 2px; margin-right:2px;\"><strong>VIJENAC<\/strong><\/span>&nbsp;&nbsp;<a href=\"http:\/\/seadalic.com\/images\/pdf\/vijenac izvjesce filozofije medija2018.pdf\">O medijima i posrednicima (Odr\u017ean me\u0111unarodni  znanstveni simpozij FILOZOFIJA MEDIJA)<\/a><\/li>\n<li><span style=\"background:#646C79; color:white; padding:0 2px; margin-right:2px;\"><strong>UNIVERZITET \u201eMEDITERAN\u201d<\/strong><\/span>&nbsp;&nbsp;<a href=\"http:\/\/unimediteran.net\/index.php\/mne\/vijesti\/1049-predavanje-prof-dr-seada-alica-na-temu-medijska-drustvena-mreza?fbclid=IwAR0d0XxH_v1ec9bqfhf1xQrFJ2k8mZFpnuvmd3vQDLtle_Ls-9jZabVjKic\">Predavanje prof.dr Seada Ali\u0107a na temu &#8220;Medijska dru\u0161tvena mre\u017ea&#8221; <\/a><\/li>\n<li><span style=\"background:#646C79; color:white; padding:0 2px; margin-right:2px;\"><strong>GLAS SLAVONIJE<\/strong><\/span>&nbsp;&nbsp;<a href=\"http:\/\/seadalic.com\/images\/pdf\/sead turbofolkerski narodnjacki glazbeni tres2.pdf\">Sead Ali\u0107 &#8211; Turbofolkerski narodnja\u010dki glazbeni tre\u0161 (II.) (3. i 4.02.2018. PDF)<\/a><\/li>\n<li><span style=\"background:#646C79; color:white; padding:0 2px; margin-right:2px;\"><strong>VIKEND NOVINE<\/strong><\/span>&nbsp;&nbsp;<a href=\"http:\/\/seadalic.com\/images\/pdf\/Sead nagrada dialogos 2017 vikendnovine.pdf\">Sead Ali\u0107 dobitnik nagrade &#8220;Dialogos&#8221; (21. i 22.10.2017. PDF)<\/a><\/li>\n<li><span style=\"background:#646C79; color:white; padding:0 2px; margin-right:2px;\"><strong>ZEFIR<\/strong><\/span>&nbsp;&nbsp;<a href=\"https:\/\/youtu.be\/eqiiHdGNBHU\">Posljednje pismo iz Bi\u0161\u0107ana (Bijele trake) (26.5.2016.)<\/a><\/li>\n<li><span style=\"background:#646C79; color:white; padding:0 2px; margin-right:2px;\"><strong>ZEFIR<\/strong><\/span>&nbsp;&nbsp;<a href=\"https:\/\/youtu.be\/YeMjczbuues\">Suza na kamenu (5.4.2016.)<\/a><\/li>\n<li><span style=\"background:#646C79; color:white; padding:0 2px; margin-right:2px;\"><strong>ZEFIR<\/strong><\/span>&nbsp;&nbsp;<a href=\"https:\/\/youtu.be\/kFnrLZP-JTo\">STE\u0106AK (23.2.2016.)<\/a><\/li>\n<\/ul>\n<\/div>\n<\/div>\n","protected":false},"excerpt":{"rendered":"<p>\u017divotopis Radovi Knjige Simpoziji Sveu\u010dili\u0161te Sjever Links Kontakt Knjige Sead Ali\u0107: How to Unite the Heavens? (LAP LAMBERT Academic Publishing, Saarbr\u00fccken, Germany, 2022.) Radovi Sead Ali\u0107: Social Roots of Insensibility and Narcissism Sead Ali\u0107: Bezumlje govora mr\u017enje \u2013 biolo\u0161ka i kulturna dimenzija Sead Ali\u0107: Filozofijsko ishodi\u0161te Sulejmanpa\u0161i\u0107eve kritike novinstva\/\u017eurnalizma Sead Ali\u0107: Embargo na demokraciju Sead [&hellip;]<\/p>\n","protected":false},"author":1,"featured_media":0,"comment_status":"open","ping_status":"open","sticky":true,"template":"","format":"standard","meta":{"_et_pb_use_builder":"","_et_pb_old_content":"","_et_gb_content_width":"","footnotes":""},"categories":[3],"tags":[],"class_list":["post-9","post","type-post","status-publish","format-standard","hentry","category-sead-alic-naslovnica","et-doesnt-have-format-content","et_post_format-et-post-format-standard"],"yoast_head":"<!-- This site is optimized with the Yoast SEO plugin v27.5 - https:\/\/yoast.com\/product\/yoast-seo-wordpress\/ -->\n<title>Sead Ali\u0107 naslovnica - Sead Ali\u0107<\/title>\n<meta name=\"robots\" content=\"index, follow, max-snippet:-1, max-image-preview:large, max-video-preview:-1\" \/>\n<link rel=\"canonical\" href=\"https:\/\/seadalic.com\/index.php\/sead-alic-naslovnica\/\" \/>\n<meta property=\"og:locale\" content=\"en_US\" \/>\n<meta property=\"og:type\" content=\"article\" \/>\n<meta property=\"og:title\" content=\"Sead Ali\u0107 naslovnica - Sead Ali\u0107\" \/>\n<meta property=\"og:description\" content=\"\u017divotopis Radovi Knjige Simpoziji Sveu\u010dili\u0161te Sjever Links Kontakt Knjige Sead Ali\u0107: How to Unite the Heavens? (LAP LAMBERT Academic Publishing, Saarbr\u00fccken, Germany, 2022.) Radovi Sead Ali\u0107: Social Roots of Insensibility and Narcissism Sead Ali\u0107: Bezumlje govora mr\u017enje \u2013 biolo\u0161ka i kulturna dimenzija Sead Ali\u0107: Filozofijsko ishodi\u0161te Sulejmanpa\u0161i\u0107eve kritike novinstva\/\u017eurnalizma Sead Ali\u0107: Embargo na demokraciju Sead [&hellip;]\" \/>\n<meta property=\"og:url\" content=\"https:\/\/seadalic.com\/index.php\/sead-alic-naslovnica\/\" \/>\n<meta property=\"og:site_name\" content=\"Sead Ali\u0107\" \/>\n<meta property=\"article:publisher\" content=\"https:\/\/www.facebook.com\/sead.alic1\/\" \/>\n<meta property=\"article:author\" content=\"https:\/\/www.facebook.com\/sead.alic1\/\" \/>\n<meta property=\"article:published_time\" content=\"2015-02-20T16:26:45+00:00\" \/>\n<meta name=\"author\" content=\"seadalic\" \/>\n<meta name=\"twitter:card\" content=\"summary_large_image\" \/>\n<meta name=\"twitter:label1\" content=\"Written by\" \/>\n\t<meta name=\"twitter:data1\" content=\"seadalic\" \/>\n\t<meta name=\"twitter:label2\" content=\"Est. reading time\" \/>\n\t<meta name=\"twitter:data2\" content=\"7 minutes\" \/>\n<script type=\"application\/ld+json\" class=\"yoast-schema-graph\">{\"@context\":\"https:\\\/\\\/schema.org\",\"@graph\":[{\"@type\":\"Article\",\"@id\":\"https:\\\/\\\/seadalic.com\\\/index.php\\\/sead-alic-naslovnica\\\/#article\",\"isPartOf\":{\"@id\":\"https:\\\/\\\/seadalic.com\\\/index.php\\\/sead-alic-naslovnica\\\/\"},\"author\":{\"name\":\"seadalic\",\"@id\":\"https:\\\/\\\/seadalic.com\\\/#\\\/schema\\\/person\\\/b5077556de4b9ec4e6781d72f3008e93\"},\"headline\":\"Sead Ali\u0107 naslovnica\",\"datePublished\":\"2015-02-20T16:26:45+00:00\",\"mainEntityOfPage\":{\"@id\":\"https:\\\/\\\/seadalic.com\\\/index.php\\\/sead-alic-naslovnica\\\/\"},\"wordCount\":1485,\"commentCount\":0,\"publisher\":{\"@id\":\"https:\\\/\\\/seadalic.com\\\/#\\\/schema\\\/person\\\/b5077556de4b9ec4e6781d72f3008e93\"},\"articleSection\":[\"Sead Ali\u0107 Naslovnica\"],\"inLanguage\":\"en-US\",\"potentialAction\":[{\"@type\":\"CommentAction\",\"name\":\"Comment\",\"target\":[\"https:\\\/\\\/seadalic.com\\\/index.php\\\/sead-alic-naslovnica\\\/#respond\"]}]},{\"@type\":\"WebPage\",\"@id\":\"https:\\\/\\\/seadalic.com\\\/index.php\\\/sead-alic-naslovnica\\\/\",\"url\":\"https:\\\/\\\/seadalic.com\\\/index.php\\\/sead-alic-naslovnica\\\/\",\"name\":\"Sead Ali\u0107 naslovnica - Sead Ali\u0107\",\"isPartOf\":{\"@id\":\"https:\\\/\\\/seadalic.com\\\/#website\"},\"datePublished\":\"2015-02-20T16:26:45+00:00\",\"breadcrumb\":{\"@id\":\"https:\\\/\\\/seadalic.com\\\/index.php\\\/sead-alic-naslovnica\\\/#breadcrumb\"},\"inLanguage\":\"en-US\",\"potentialAction\":[{\"@type\":\"ReadAction\",\"target\":[\"https:\\\/\\\/seadalic.com\\\/index.php\\\/sead-alic-naslovnica\\\/\"]}]},{\"@type\":\"BreadcrumbList\",\"@id\":\"https:\\\/\\\/seadalic.com\\\/index.php\\\/sead-alic-naslovnica\\\/#breadcrumb\",\"itemListElement\":[{\"@type\":\"ListItem\",\"position\":1,\"name\":\"Home\",\"item\":\"https:\\\/\\\/seadalic.com\\\/\"},{\"@type\":\"ListItem\",\"position\":2,\"name\":\"Sead Ali\u0107 naslovnica\"}]},{\"@type\":\"WebSite\",\"@id\":\"https:\\\/\\\/seadalic.com\\\/#website\",\"url\":\"https:\\\/\\\/seadalic.com\\\/\",\"name\":\"Sead Ali\u0107\",\"description\":\"\",\"publisher\":{\"@id\":\"https:\\\/\\\/seadalic.com\\\/#\\\/schema\\\/person\\\/b5077556de4b9ec4e6781d72f3008e93\"},\"potentialAction\":[{\"@type\":\"SearchAction\",\"target\":{\"@type\":\"EntryPoint\",\"urlTemplate\":\"https:\\\/\\\/seadalic.com\\\/?s={search_term_string}\"},\"query-input\":{\"@type\":\"PropertyValueSpecification\",\"valueRequired\":true,\"valueName\":\"search_term_string\"}}],\"inLanguage\":\"en-US\"},{\"@type\":[\"Person\",\"Organization\"],\"@id\":\"https:\\\/\\\/seadalic.com\\\/#\\\/schema\\\/person\\\/b5077556de4b9ec4e6781d72f3008e93\",\"name\":\"seadalic\",\"image\":{\"@type\":\"ImageObject\",\"inLanguage\":\"en-US\",\"@id\":\"https:\\\/\\\/seadalic.com\\\/wp-content\\\/uploads\\\/2024\\\/12\\\/default-monochrome.png\",\"url\":\"https:\\\/\\\/seadalic.com\\\/wp-content\\\/uploads\\\/2024\\\/12\\\/default-monochrome.png\",\"contentUrl\":\"https:\\\/\\\/seadalic.com\\\/wp-content\\\/uploads\\\/2024\\\/12\\\/default-monochrome.png\",\"width\":391,\"height\":91,\"caption\":\"seadalic\"},\"logo\":{\"@id\":\"https:\\\/\\\/seadalic.com\\\/wp-content\\\/uploads\\\/2024\\\/12\\\/default-monochrome.png\"},\"sameAs\":[\"https:\\\/\\\/seadalic.com\",\"https:\\\/\\\/www.facebook.com\\\/sead.alic1\\\/\"],\"url\":\"https:\\\/\\\/seadalic.com\\\/index.php\\\/author\\\/seadalic\\\/\"}]}<\/script>\n<!-- \/ Yoast SEO plugin. -->","yoast_head_json":{"title":"Sead Ali\u0107 naslovnica - Sead Ali\u0107","robots":{"index":"index","follow":"follow","max-snippet":"max-snippet:-1","max-image-preview":"max-image-preview:large","max-video-preview":"max-video-preview:-1"},"canonical":"https:\/\/seadalic.com\/index.php\/sead-alic-naslovnica\/","og_locale":"en_US","og_type":"article","og_title":"Sead Ali\u0107 naslovnica - Sead Ali\u0107","og_description":"\u017divotopis Radovi Knjige Simpoziji Sveu\u010dili\u0161te Sjever Links Kontakt Knjige Sead Ali\u0107: How to Unite the Heavens? (LAP LAMBERT Academic Publishing, Saarbr\u00fccken, Germany, 2022.) Radovi Sead Ali\u0107: Social Roots of Insensibility and Narcissism Sead Ali\u0107: Bezumlje govora mr\u017enje \u2013 biolo\u0161ka i kulturna dimenzija Sead Ali\u0107: Filozofijsko ishodi\u0161te Sulejmanpa\u0161i\u0107eve kritike novinstva\/\u017eurnalizma Sead Ali\u0107: Embargo na demokraciju Sead [&hellip;]","og_url":"https:\/\/seadalic.com\/index.php\/sead-alic-naslovnica\/","og_site_name":"Sead Ali\u0107","article_publisher":"https:\/\/www.facebook.com\/sead.alic1\/","article_author":"https:\/\/www.facebook.com\/sead.alic1\/","article_published_time":"2015-02-20T16:26:45+00:00","author":"seadalic","twitter_card":"summary_large_image","twitter_misc":{"Written by":"seadalic","Est. reading time":"7 minutes"},"schema":{"@context":"https:\/\/schema.org","@graph":[{"@type":"Article","@id":"https:\/\/seadalic.com\/index.php\/sead-alic-naslovnica\/#article","isPartOf":{"@id":"https:\/\/seadalic.com\/index.php\/sead-alic-naslovnica\/"},"author":{"name":"seadalic","@id":"https:\/\/seadalic.com\/#\/schema\/person\/b5077556de4b9ec4e6781d72f3008e93"},"headline":"Sead Ali\u0107 naslovnica","datePublished":"2015-02-20T16:26:45+00:00","mainEntityOfPage":{"@id":"https:\/\/seadalic.com\/index.php\/sead-alic-naslovnica\/"},"wordCount":1485,"commentCount":0,"publisher":{"@id":"https:\/\/seadalic.com\/#\/schema\/person\/b5077556de4b9ec4e6781d72f3008e93"},"articleSection":["Sead Ali\u0107 Naslovnica"],"inLanguage":"en-US","potentialAction":[{"@type":"CommentAction","name":"Comment","target":["https:\/\/seadalic.com\/index.php\/sead-alic-naslovnica\/#respond"]}]},{"@type":"WebPage","@id":"https:\/\/seadalic.com\/index.php\/sead-alic-naslovnica\/","url":"https:\/\/seadalic.com\/index.php\/sead-alic-naslovnica\/","name":"Sead Ali\u0107 naslovnica - Sead Ali\u0107","isPartOf":{"@id":"https:\/\/seadalic.com\/#website"},"datePublished":"2015-02-20T16:26:45+00:00","breadcrumb":{"@id":"https:\/\/seadalic.com\/index.php\/sead-alic-naslovnica\/#breadcrumb"},"inLanguage":"en-US","potentialAction":[{"@type":"ReadAction","target":["https:\/\/seadalic.com\/index.php\/sead-alic-naslovnica\/"]}]},{"@type":"BreadcrumbList","@id":"https:\/\/seadalic.com\/index.php\/sead-alic-naslovnica\/#breadcrumb","itemListElement":[{"@type":"ListItem","position":1,"name":"Home","item":"https:\/\/seadalic.com\/"},{"@type":"ListItem","position":2,"name":"Sead Ali\u0107 naslovnica"}]},{"@type":"WebSite","@id":"https:\/\/seadalic.com\/#website","url":"https:\/\/seadalic.com\/","name":"Sead Ali\u0107","description":"","publisher":{"@id":"https:\/\/seadalic.com\/#\/schema\/person\/b5077556de4b9ec4e6781d72f3008e93"},"potentialAction":[{"@type":"SearchAction","target":{"@type":"EntryPoint","urlTemplate":"https:\/\/seadalic.com\/?s={search_term_string}"},"query-input":{"@type":"PropertyValueSpecification","valueRequired":true,"valueName":"search_term_string"}}],"inLanguage":"en-US"},{"@type":["Person","Organization"],"@id":"https:\/\/seadalic.com\/#\/schema\/person\/b5077556de4b9ec4e6781d72f3008e93","name":"seadalic","image":{"@type":"ImageObject","inLanguage":"en-US","@id":"https:\/\/seadalic.com\/wp-content\/uploads\/2024\/12\/default-monochrome.png","url":"https:\/\/seadalic.com\/wp-content\/uploads\/2024\/12\/default-monochrome.png","contentUrl":"https:\/\/seadalic.com\/wp-content\/uploads\/2024\/12\/default-monochrome.png","width":391,"height":91,"caption":"seadalic"},"logo":{"@id":"https:\/\/seadalic.com\/wp-content\/uploads\/2024\/12\/default-monochrome.png"},"sameAs":["https:\/\/seadalic.com","https:\/\/www.facebook.com\/sead.alic1\/"],"url":"https:\/\/seadalic.com\/index.php\/author\/seadalic\/"}]}},"_links":{"self":[{"href":"https:\/\/seadalic.com\/index.php\/wp-json\/wp\/v2\/posts\/9","targetHints":{"allow":["GET"]}}],"collection":[{"href":"https:\/\/seadalic.com\/index.php\/wp-json\/wp\/v2\/posts"}],"about":[{"href":"https:\/\/seadalic.com\/index.php\/wp-json\/wp\/v2\/types\/post"}],"author":[{"embeddable":true,"href":"https:\/\/seadalic.com\/index.php\/wp-json\/wp\/v2\/users\/1"}],"replies":[{"embeddable":true,"href":"https:\/\/seadalic.com\/index.php\/wp-json\/wp\/v2\/comments?post=9"}],"version-history":[{"count":0,"href":"https:\/\/seadalic.com\/index.php\/wp-json\/wp\/v2\/posts\/9\/revisions"}],"wp:attachment":[{"href":"https:\/\/seadalic.com\/index.php\/wp-json\/wp\/v2\/media?parent=9"}],"wp:term":[{"taxonomy":"category","embeddable":true,"href":"https:\/\/seadalic.com\/index.php\/wp-json\/wp\/v2\/categories?post=9"},{"taxonomy":"post_tag","embeddable":true,"href":"https:\/\/seadalic.com\/index.php\/wp-json\/wp\/v2\/tags?post=9"}],"curies":[{"name":"wp","href":"https:\/\/api.w.org\/{rel}","templated":true}]}}